{"id":1005,"date":"2015-04-30T15:34:06","date_gmt":"2015-04-30T19:34:06","guid":{"rendered":"http:\/\/ppgecpan.draconis.ufms.br\/?p=1005"},"modified":"2015-04-30T17:48:47","modified_gmt":"2015-04-30T21:48:47","slug":"relacao-de-inscricoes-deferidas-e-indeferidas-edital-n-28-processo-seletivo-2015-2","status":"publish","type":"post","link":"https:\/\/ppgecpan.ufms.br\/en\/relacao-de-inscricoes-deferidas-e-indeferidas-edital-n-28-processo-seletivo-2015-2\/","title":{"rendered":"Rela\u00e7\u00e3o de inscri\u00e7\u00f5es deferidas e indeferidas \u2013 Edital n. 28 (Processo seletivo 2015.2)"},"content":{"rendered":"<p>De acordo com o Edital n. 28 de 11 de mar\u00e7o de 2015, o Programa de P\u00f3s-Gradua\u00e7\u00e3o em Educa\u00e7\u00e3o do Campus do Pantanal\u00a0da Funda\u00e7\u00e3o Universidade Federal de Mato Grosso do Sul torna p\u00fablica a rela\u00e7\u00e3o de inscri\u00e7\u00f5es deferidas e indeferidas do Processo Seletivo visando a sele\u00e7\u00e3o de candidatos para\u00a0preenchimento de vagas no Curso de Mestrado com ingresso no segundo semestre letivo de 2015.<\/p>\n<p>&nbsp;<\/p>\n<p><strong>INSCRI\u00c7\u00d5ES DEFERIDAS<\/strong><\/p>\n<p><strong>\u00a0<\/strong><\/p>\n<p>Aguinaldo Rodrigues<\/p>\n<p>Alex Roberto Oliveira de Andrade<\/p>\n<p>Ana Silvia de Assis Sandim<\/p>\n<p>Andreliza de Assis Nolasco<\/p>\n<p>Anna Lucia Almeida Dichoff<\/p>\n<p>Antonia Cl\u00e1udia Cartacho Meireles do Nascimento<\/p>\n<p>Aparecida de Sousa dos Santos<\/p>\n<p>Cristiane de Souza Gon\u00e7alves<\/p>\n<p>Cristielly Campos da Silva<\/p>\n<p>Dilson Vilalva Esquer<\/p>\n<p>Edison Di Fabio<\/p>\n<p>Eliete Ramos Maciel<\/p>\n<p>Fernanda Alves Souto<\/p>\n<p>Geruza Soares de Souza Papa<\/p>\n<p>G\u00e9ssica Alves da Silva<\/p>\n<p>Gisely Dias Mariano<\/p>\n<p>Jackeline Crisina Nogueira Guerrero<\/p>\n<p>Josue Cristiano Cuellar da Silva<\/p>\n<p>Keren Satie Matsui Pereira<\/p>\n<p>La\u00edssa Ramos Hassan de Oliveira Britto<\/p>\n<p>Leonardo Augusto Madureira de Castro<\/p>\n<p>Leticia Maria de Jesus Monteiro<\/p>\n<p>Luciano Araujo da Costa<\/p>\n<p>Luciene Franco Neto Alves<\/p>\n<p>Luiz Felipe de Souza Jimenez<\/p>\n<p>Luiz Roberto Cardoso<\/p>\n<p>Luzanira de Deus Pereira da Silva<\/p>\n<p>M\u00e1rcia Adriana Brasil Aguilar<\/p>\n<p>M\u00e1rcia Cristina Capistrano da Rosa<\/p>\n<p>Maria Rita Ferreira dos Santos<\/p>\n<p>Marilene Rodrigues Silva<\/p>\n<p>Marlon Nantes Foss<\/p>\n<p>Mauro Palmeira Mota<\/p>\n<p>Michele Ferreira de Lima<\/p>\n<p>Mirian da Silva Gomes Santana do Ros\u00e1rio<\/p>\n<p>Nivaldo Nogueira de \u00c1vila<\/p>\n<p>Rafaela Caroline Silva de Souza<\/p>\n<p>Rafaela Oliveira Sahib<\/p>\n<p>Renner Fernando da Silva C\u00f3rdova Junior<\/p>\n<p>Ricardo Roberto de Oliveira<\/p>\n<p>Rosa Maria da Silva<\/p>\n<p>Rozil\u00e9ia de Oliveira Sales<\/p>\n<p>Samuel da Silva Souza<\/p>\n<p>Sandra Maria Santos Gon\u00e7alves<\/p>\n<p>SwaraGerminianaVirginio Barbosa<\/p>\n<p>Tarissa Marques Rodrigues dos Santos<\/p>\n<p>Victor de Carvalho Gon\u00e7alves<\/p>\n<p>&nbsp;<\/p>\n<p>&nbsp;<\/p>\n<p>INSCRI\u00c7\u00d5ES INDEFERIDAS<\/p>\n<p>&nbsp;<\/p>\n<table>\n<tbody>\n<tr>\n<td width=\"366\">Nome<\/td>\n<td width=\"215\">Indeferido por n\u00e3oatender o seguinte item do edital:<\/td>\n<\/tr>\n<tr>\n<td width=\"366\">Adolfo Daltro Samaniego<\/td>\n<td width=\"215\">2.2 &#8211; j<\/td>\n<\/tr>\n<tr>\n<td width=\"366\">Adriana Pires<\/td>\n<td width=\"215\">2.2 &#8211; a<\/td>\n<\/tr>\n<tr>\n<td width=\"366\">Ana Catarina Cortez de Araujo<\/td>\n<td width=\"215\">2.2 &#8211; i<\/td>\n<\/tr>\n<tr>\n<td width=\"366\">Ana Maria de Arruda Braga<\/td>\n<td width=\"215\">2.2 &#8211; e<\/td>\n<\/tr>\n<tr>\n<td width=\"366\">Andrea Eliza Pofiro Silva<\/td>\n<td width=\"215\">2.2 &#8211; c<\/td>\n<\/tr>\n<tr>\n<td width=\"366\">Arilson Campos Rojas<\/td>\n<td width=\"215\">2.2 &#8211; e<\/td>\n<\/tr>\n<tr>\n<td width=\"366\">Audrey Randall Fontes Bernardes<\/td>\n<td width=\"215\">2.2 &#8211; a<\/td>\n<\/tr>\n<tr>\n<td width=\"366\">Aur\u00e9lia Candida dos Santos<\/td>\n<td width=\"215\">2.2 \u2013 e, f<\/td>\n<\/tr>\n<tr>\n<td width=\"366\">Carlos Eduardo de Souza<\/td>\n<td width=\"215\">2.2 \u2013 b, e<\/td>\n<\/tr>\n<tr>\n<td width=\"366\">Cleonice Gomes da Silva Paula<\/td>\n<td width=\"215\">2.2 &#8211; c<\/td>\n<\/tr>\n<tr>\n<td width=\"366\">Eliane Toledo da Cruz<\/td>\n<td width=\"215\">2.2 &#8211; e<\/td>\n<\/tr>\n<tr>\n<td width=\"366\">Elias Molina de Souza<\/td>\n<td width=\"215\">2.2 &#8211; c<\/td>\n<\/tr>\n<tr>\n<td width=\"366\">EstefaniaManholer<\/td>\n<td width=\"215\">2.2 &#8211; e<\/td>\n<\/tr>\n<tr>\n<td width=\"366\">Euclides Moreira Fernandes<\/td>\n<td width=\"215\">2.2 &#8211; c<\/td>\n<\/tr>\n<tr>\n<td width=\"366\">Ev\u00e9lin Padilha de Andrade Silva<\/td>\n<td width=\"215\">2.2 &#8211; a<\/td>\n<\/tr>\n<tr>\n<td width=\"366\">Fernanda C\u00e2mara Cardoso<\/td>\n<td width=\"215\">2.2 &#8211; e<\/td>\n<\/tr>\n<tr>\n<td width=\"366\">Fernanda Fernandes Rolim<\/td>\n<td width=\"215\">2.2 &#8211; m<\/td>\n<\/tr>\n<tr>\n<td width=\"366\">Fernanda Ribeiro da Silva<\/td>\n<td width=\"215\">2.2 \u2013 a, m<\/td>\n<\/tr>\n<tr>\n<td width=\"366\">Izadora Tha\u00eds Marinho de Andrade<\/td>\n<td width=\"215\">2.2 \u2013 d, i<\/td>\n<\/tr>\n<tr>\n<td width=\"366\">Jacqueline de campos Rojas<\/td>\n<td width=\"215\">2.2 \u2013 a, e<\/td>\n<\/tr>\n<tr>\n<td width=\"366\">Jessica Azevedo da Silva Santos<\/td>\n<td width=\"215\">2.2 &#8211; f<\/td>\n<\/tr>\n<tr>\n<td width=\"366\">Jo\u00e3o Gilberto F\u00eddias Waldemar Saturnino Marinho de Andrade<\/td>\n<td width=\"215\">2.2 &#8211; k<\/td>\n<\/tr>\n<tr>\n<td width=\"366\">Jo\u00e3o Paulo Romero Miranda<\/td>\n<td width=\"215\">2.2 &#8211; m<\/td>\n<\/tr>\n<tr>\n<td width=\"366\">Juliana Samuel dos Santos<\/td>\n<td width=\"215\">2.2 &#8211; e<\/td>\n<\/tr>\n<tr>\n<td width=\"366\">Laura do Nascimento Lopes da Silva<\/td>\n<td width=\"215\">2.2 \u2013 a, m<\/td>\n<\/tr>\n<tr>\n<td width=\"366\">Let\u00edcia da Costa Soares<\/td>\n<td width=\"215\">2.2 \u2013 e<\/td>\n<\/tr>\n<tr>\n<td width=\"366\">Lilian Cistina Sales da Cruz<\/td>\n<td width=\"215\">2.2 \u2013 a<\/td>\n<\/tr>\n<tr>\n<td width=\"366\">Luciana Guerino Macedo<\/td>\n<td width=\"215\">2.2 \u2013 e<\/td>\n<\/tr>\n<tr>\n<td width=\"366\">Luciana Kelis de Oliveira<\/td>\n<td width=\"215\">2.2 \u2013 m<\/td>\n<\/tr>\n<tr>\n<td width=\"366\">LucineyMiceno Papa<\/td>\n<td width=\"215\">2.2 \u2013 e<\/td>\n<\/tr>\n<tr>\n<td width=\"366\">Maria de F\u00e1tica de Souza Moreno<\/td>\n<td width=\"215\">2.2 \u2013 d,<\/td>\n<\/tr>\n<tr>\n<td width=\"366\">Marilu Inez Brail de Barros<\/td>\n<td width=\"215\">2.2 \u2013 a, e, f, m<\/td>\n<\/tr>\n<tr>\n<td width=\"366\">Marli do Carmo Fiorio<\/td>\n<td width=\"215\">2.2 \u2013 e<\/td>\n<\/tr>\n<tr>\n<td width=\"366\">Mirian Bastos de Oliveira da Cruz<\/td>\n<td width=\"215\">2.2 \u2013 e<\/td>\n<\/tr>\n<tr>\n<td width=\"366\">Orecil Amado Pi<\/td>\n<td width=\"215\">2.2 \u2013 e<\/td>\n<\/tr>\n<tr>\n<td width=\"366\">Regina Coelho Nogueira de Melo<\/td>\n<td width=\"215\">2.2 \u2013 e<\/td>\n<\/tr>\n<tr>\n<td width=\"366\">Renata Fernandes Vaz Guimar\u00e3esNogueira<\/td>\n<td width=\"215\">2.2 \u2013 c, e<\/td>\n<\/tr>\n<tr>\n<td width=\"366\">Roberto C\u00e9sar de Souza<\/td>\n<td width=\"215\">2.2 \u2013 j<\/td>\n<\/tr>\n<tr>\n<td width=\"366\">Rosa Alessandra Rodrigues Correia<\/td>\n<td width=\"215\">2.2. \u2013 e<\/td>\n<\/tr>\n<tr>\n<td width=\"366\">Sanderson Fardim Fernandes<\/td>\n<td width=\"215\">2.2 \u2013 i, d<\/td>\n<\/tr>\n<tr>\n<td width=\"366\">Silvia Thais Gon\u00e7alves Vieira<\/td>\n<td width=\"215\">2.2 \u2013 b, d, e,g<\/td>\n<\/tr>\n<tr>\n<td width=\"366\">Tainah Andr\u00e9a Marques Navarro<\/td>\n<td width=\"215\">2.2 \u2013 m<\/td>\n<\/tr>\n<tr>\n<td width=\"366\">Tania Bernadete Perucci Pascoal<\/td>\n<td width=\"215\">2.2 \u2013 e<\/td>\n<\/tr>\n<tr>\n<td width=\"366\">Thiago C\u00e9sar Garcia da Silva Monteiro<\/td>\n<td width=\"215\">2.2 &#8211; m<\/td>\n<\/tr>\n<tr>\n<td width=\"366\">Wandir de Melo Junior<\/td>\n<td width=\"215\">2.2 \u2013 f, d<\/td>\n<\/tr>\n<tr>\n<td width=\"366\">Zilene Pareira Luna<\/td>\n<td width=\"215\">2.2 &#8211; m<\/td>\n<\/tr>\n<tr>\n<td width=\"366\">Obs.: Um envelope foi entregue sem qualquer identifica\u00e7\u00e3o, sendo assim foi considerado indeferido.<\/td>\n<td width=\"215\"><\/td>\n<\/tr>\n<\/tbody>\n<\/table>\n<p>&nbsp;<\/p>\n","protected":false},"excerpt":{"rendered":"<p>De acordo com o Edital n. 28 de 11 de mar\u00e7o de 2015, o Programa de P\u00f3s-Gradua\u00e7\u00e3o em Educa\u00e7\u00e3o do Campus do Pantanal\u00a0da Funda\u00e7\u00e3o Universidade Federal de Mato Grosso do Sul torna p\u00fablica a rela\u00e7\u00e3o de inscri\u00e7\u00f5es deferidas e indeferidas do Processo Seletivo visando a sele\u00e7\u00e3o de candidatos para\u00a0preenchimento de vagas no Curso de Mestrado [&hellip;]<\/p>\n","protected":false},"author":1488,"featured_media":968,"comment_status":"closed","ping_status":"open","sticky":false,"template":"","format":"standard","meta":{"footnotes":""},"categories":[1],"tags":[],"coauthors":[],"class_list":["post-1005","post","type-post","status-publish","format-standard","has-post-thumbnail","hentry","category-noticias"],"_links":{"self":[{"href":"https:\/\/ppgecpan.ufms.br\/en\/wp-json\/wp\/v2\/posts\/1005","targetHints":{"allow":["GET"]}}],"collection":[{"href":"https:\/\/ppgecpan.ufms.br\/en\/wp-json\/wp\/v2\/posts"}],"about":[{"href":"https:\/\/ppgecpan.ufms.br\/en\/wp-json\/wp\/v2\/types\/post"}],"author":[{"embeddable":true,"href":"https:\/\/ppgecpan.ufms.br\/en\/wp-json\/wp\/v2\/users\/1488"}],"replies":[{"embeddable":true,"href":"https:\/\/ppgecpan.ufms.br\/en\/wp-json\/wp\/v2\/comments?post=1005"}],"version-history":[{"count":2,"href":"https:\/\/ppgecpan.ufms.br\/en\/wp-json\/wp\/v2\/posts\/1005\/revisions"}],"predecessor-version":[{"id":1007,"href":"https:\/\/ppgecpan.ufms.br\/en\/wp-json\/wp\/v2\/posts\/1005\/revisions\/1007"}],"wp:featuredmedia":[{"embeddable":true,"href":"https:\/\/ppgecpan.ufms.br\/en\/wp-json\/wp\/v2\/media\/968"}],"wp:attachment":[{"href":"https:\/\/ppgecpan.ufms.br\/en\/wp-json\/wp\/v2\/media?parent=1005"}],"wp:term":[{"taxonomy":"category","embeddable":true,"href":"https:\/\/ppgecpan.ufms.br\/en\/wp-json\/wp\/v2\/categories?post=1005"},{"taxonomy":"post_tag","embeddable":true,"href":"https:\/\/ppgecpan.ufms.br\/en\/wp-json\/wp\/v2\/tags?post=1005"},{"taxonomy":"author","embeddable":true,"href":"https:\/\/ppgecpan.ufms.br\/en\/wp-json\/wp\/v2\/coauthors?post=1005"}],"curies":[{"name":"wp","href":"https:\/\/api.w.org\/{rel}","templated":true}]}}