{"id":1121,"date":"2015-09-18T14:44:24","date_gmt":"2015-09-18T18:44:24","guid":{"rendered":"http:\/\/ppgecpan.draconis.ufms.br\/?p=1121"},"modified":"2016-03-13T19:52:37","modified_gmt":"2016-03-13T23:52:37","slug":"vi-encontro-de-politicas-e-praticas-de-formacao-de-professores-e-ii-seminario-da-associacao-nacional-de-politica-e-administracao-da-educacao-de-ms","status":"publish","type":"post","link":"https:\/\/ppgecpan.ufms.br\/en\/vi-encontro-de-politicas-e-praticas-de-formacao-de-professores-e-ii-seminario-da-associacao-nacional-de-politica-e-administracao-da-educacao-de-ms\/","title":{"rendered":"VI Encontro de Pol\u00edticas e Pr\u00e1ticas de Forma\u00e7\u00e3o de Professores e II Semin\u00e1rio da Associa\u00e7\u00e3o Nacional de Pol\u00edtica e Administra\u00e7\u00e3o da Educa\u00e7\u00e3o de MS"},"content":{"rendered":"<p>&nbsp;<\/p>\n<p>H\u00e1 v\u00e1rios anos, o Encontro de Pol\u00edticas e Pr\u00e1ticas de Forma\u00e7\u00e3o de Professores vem sendo promovido e organizado pelos Programas de P\u00f3s-Gradua\u00e7\u00e3o em Educa\u00e7\u00e3o das universidades do Estado de Mato Grosso do Sul: Universidade Federal de Mato Grosso do Sul\/Campo Grande, Universidade Federal de Mato Grosso do Sul\/Campus Pantanal, Universidade Cat\u00f3lica Dom Bosco, Universidade Federal da Grande Dourados. Em 2013, foram inseridos os Programas da Universidade Estadual de Mato Grosso do Sul \u2013 Unidades Universit\u00e1rias de Parana\u00edba e Campo Grande. Na ocasi\u00e3o o evento foi realizado em conjunto com a Associa\u00e7\u00e3o Nacional de Pol\u00edtica e Administra\u00e7\u00e3o da Educa\u00e7\u00e3o de MS (Anpae \/MS) com a edi\u00e7\u00e3o do I Semin\u00e1rio da Associa\u00e7\u00e3o Nacional de Pol\u00edtica e Administra\u00e7\u00e3o da Educa\u00e7\u00e3o de MS.<\/p>\n<p>Considerando sua natureza itinerante, neste ano, o VI Encontro de Pol\u00edticas e Pr\u00e1ticas de Forma\u00e7\u00e3o de Professores e II Semin\u00e1rio da Associa\u00e7\u00e3o Nacional de Pol\u00edtica e Administra\u00e7\u00e3o da Educa\u00e7\u00e3o de MS\u00a0ser\u00e1 coordenado pelos Programas de P\u00f3s-Gradua\u00e7\u00e3o, Mestrado Acad\u00eamico e Mestrado Profissional em Educa\u00e7\u00e3o da Uems, tendo lugar em Campo Grande, em novembro de 2015, com o tema: Plano Nacional de Educa\u00e7\u00e3o em Debate: forma\u00e7\u00e3o de professores, diversidade, gest\u00e3o e financiamento. Nesta ocasi\u00e3o, todos os Programas de P\u00f3s Gradua\u00e7\u00e3o em Educa\u00e7\u00e3o do Estado de Mato Grosso do Sul se far\u00e3o representados.<\/p>\n<p>Objetivos Gerais: Fomentar o debate entre pesquisadores dos Programas de P\u00f3s-Gradua\u00e7\u00e3o em Educa\u00e7\u00e3o de Mato Grosso do Sul e a comunidade acad\u00eamica, tratando dos temas relacionados \u00e0s pol\u00edticas educacionais, \u00e0s pr\u00e1ticas docentes e \u00e0 diversidade. Promover o fortalecimento das redes de pesquisa em \u00e2mbito regional, nacional e internacional relacionadas \u00e0s tem\u00e1ticas em foco.<\/p>\n<p>Mais sobre o evento:<\/p>\n<div><a href=\"http:\/\/ppgecpan.draconis.ufms.br\/files\/2015\/09\/cartaz-uems_jpg.jpg\"><img decoding=\"async\" class=\"alignnone wp-image-1122\" src=\"http:\/\/ppgecpan.draconis.ufms.br\/files\/2015\/09\/cartaz-uems_jpg-200x300.jpg\" alt=\"cartaz uems_jpg\" width=\"149\" height=\"224\" srcset=\"https:\/\/ppgecpan.ufms.br\/files\/2015\/09\/cartaz-uems_jpg-200x300.jpg 200w, https:\/\/ppgecpan.ufms.br\/files\/2015\/09\/cartaz-uems_jpg-683x1024.jpg 683w\" sizes=\"(max-width: 149px) 100vw, 149px\" \/><\/a>\u00a0\u00a0<a href=\"http:\/\/ppgecpan.draconis.ufms.br\/files\/2015\/09\/parte-interna_folder_uems_jpg.jpg\"><img decoding=\"async\" class=\"alignnone wp-image-1123\" src=\"http:\/\/ppgecpan.draconis.ufms.br\/files\/2015\/09\/parte-interna_folder_uems_jpg-300x210.jpg\" alt=\"parte interna_folder_uems_jpg\" width=\"189\" height=\"132\" srcset=\"https:\/\/ppgecpan.ufms.br\/files\/2015\/09\/parte-interna_folder_uems_jpg-300x210.jpg 300w, https:\/\/ppgecpan.ufms.br\/files\/2015\/09\/parte-interna_folder_uems_jpg-1024x717.jpg 1024w\" sizes=\"(max-width: 189px) 100vw, 189px\" \/><\/a> <a href=\"http:\/\/ppgecpan.draconis.ufms.br\/files\/2015\/09\/unnamed.jpg\"><img decoding=\"async\" class=\"alignnone wp-image-1124\" src=\"http:\/\/ppgecpan.draconis.ufms.br\/files\/2015\/09\/unnamed-300x210.jpg\" alt=\"unnamed\" width=\"188\" height=\"132\" srcset=\"https:\/\/ppgecpan.ufms.br\/files\/2015\/09\/unnamed-300x210.jpg 300w, https:\/\/ppgecpan.ufms.br\/files\/2015\/09\/unnamed.jpg 861w\" sizes=\"(max-width: 188px) 100vw, 188px\" \/><\/a><\/div>\n<div>Para demais informa\u00e7\u00f5es, acesse o site do evento clicando <a href=\"http:\/\/eventos.sistemas.uems.br\/pagina\/p\/vi-encontro-de-politicas-e-praticas-de-formacao-de-professores-e-ii-seminario-da-associacao-nacional-de-politica-e-administracao-da-educacao-de-ms-151854\" target=\"_blank\">aqui<\/a>.<\/div>\n","protected":false},"excerpt":{"rendered":"<p>&nbsp; H\u00e1 v\u00e1rios anos, o Encontro de Pol\u00edticas e Pr\u00e1ticas de Forma\u00e7\u00e3o de Professores vem sendo promovido e organizado pelos Programas de P\u00f3s-Gradua\u00e7\u00e3o em Educa\u00e7\u00e3o das universidades do Estado de Mato Grosso do Sul: Universidade Federal de Mato Grosso do Sul\/Campo Grande, Universidade Federal de Mato Grosso do Sul\/Campus Pantanal, Universidade Cat\u00f3lica Dom Bosco, Universidade [&hellip;]<\/p>\n","protected":false},"author":2660,"featured_media":1122,"comment_status":"closed","ping_status":"open","sticky":false,"template":"","format":"standard","meta":{"footnotes":""},"categories":[10,38,1],"tags":[],"coauthors":[],"class_list":["post-1121","post","type-post","status-publish","format-standard","has-post-thumbnail","hentry","category-eventos","category-eventos-internos","category-noticias"],"_links":{"self":[{"href":"https:\/\/ppgecpan.ufms.br\/en\/wp-json\/wp\/v2\/posts\/1121","targetHints":{"allow":["GET"]}}],"collection":[{"href":"https:\/\/ppgecpan.ufms.br\/en\/wp-json\/wp\/v2\/posts"}],"about":[{"href":"https:\/\/ppgecpan.ufms.br\/en\/wp-json\/wp\/v2\/types\/post"}],"author":[{"embeddable":true,"href":"https:\/\/ppgecpan.ufms.br\/en\/wp-json\/wp\/v2\/users\/2660"}],"replies":[{"embeddable":true,"href":"https:\/\/ppgecpan.ufms.br\/en\/wp-json\/wp\/v2\/comments?post=1121"}],"version-history":[{"count":9,"href":"https:\/\/ppgecpan.ufms.br\/en\/wp-json\/wp\/v2\/posts\/1121\/revisions"}],"predecessor-version":[{"id":1133,"href":"https:\/\/ppgecpan.ufms.br\/en\/wp-json\/wp\/v2\/posts\/1121\/revisions\/1133"}],"wp:featuredmedia":[{"embeddable":true,"href":"https:\/\/ppgecpan.ufms.br\/en\/wp-json\/wp\/v2\/media\/1122"}],"wp:attachment":[{"href":"https:\/\/ppgecpan.ufms.br\/en\/wp-json\/wp\/v2\/media?parent=1121"}],"wp:term":[{"taxonomy":"category","embeddable":true,"href":"https:\/\/ppgecpan.ufms.br\/en\/wp-json\/wp\/v2\/categories?post=1121"},{"taxonomy":"post_tag","embeddable":true,"href":"https:\/\/ppgecpan.ufms.br\/en\/wp-json\/wp\/v2\/tags?post=1121"},{"taxonomy":"author","embeddable":true,"href":"https:\/\/ppgecpan.ufms.br\/en\/wp-json\/wp\/v2\/coauthors?post=1121"}],"curies":[{"name":"wp","href":"https:\/\/api.w.org\/{rel}","templated":true}]}}