{"id":1135,"date":"2015-11-01T09:00:22","date_gmt":"2015-11-01T13:00:22","guid":{"rendered":"http:\/\/ppgecpan.draconis.ufms.br\/?p=1135"},"modified":"2016-02-19T15:59:00","modified_gmt":"2016-02-19T19:59:00","slug":"inscricoes-e-matriculas-para-alunos-especiais","status":"publish","type":"post","link":"https:\/\/ppgecpan.ufms.br\/en\/inscricoes-e-matriculas-para-alunos-especiais\/","title":{"rendered":"Inscri\u00e7\u00f5es e matr\u00edculas para alunos especiais"},"content":{"rendered":"<p><strong>ALUNOS ESPECIAIS<\/strong><\/p>\n<p>Calend\u00e1rio de inscri\u00e7\u00f5es e matr\u00edculas dos alunos especiais para o segundo semestre de 2015 do Curso de Mestrado em Educa\u00e7\u00e3o &#8211; Educa\u00e7\u00e3o Social, do Programa de P\u00f3s-gradua\u00e7\u00e3o em Educa\u00e7\u00e3o, conforme exposto a seguir:<\/p>\n<p>&nbsp;<\/p>\n<p><strong>12\/11\/2015<\/strong> &#8211; Inscri\u00e7\u00e3o para alunos especiais<\/p>\n<p>&nbsp;<\/p>\n<p><strong>16\/11\/2015<\/strong> &#8211; Resultado dos alunos especiais aprovados<\/p>\n<p>&nbsp;<\/p>\n<p><strong>17\/11\/2015<\/strong> &#8211; Matr\u00edcula para alunos especiais<\/p>\n<p>&nbsp;<\/p>\n<p><strong>20\/11\/2015<\/strong> &#8211; Data do in\u00edcio das aulas<\/p>\n<p>&nbsp;<\/p>\n<p><strong>DOCUMENTOS PARA ALUNOS ESPECIAIS:<\/strong><\/p>\n<p>&nbsp;<\/p>\n<p>\u2013 No ato da <u>inscri\u00e7\u00e3o<\/u>, os alunos especiais dever\u00e3o entregar Requerimento de Inscri\u00e7\u00e3o para aluno especial (Formul\u00e1rio n\u00b0 11), dispon\u00edvel em <a href=\"http:\/\/www.ppgecpan.draconis.ufms.br\/formularios\/\">www.ppgecpan.draconis.ufms.br\/formularios\/<\/a>e Curr\u00edculo Lattes atualizado (www.lattes.cnpq.br\/). Todos os documentos devem ser entregues na Secretaria do PPGE, Unidade III (em frente ao SESC), Rua Domingos Sahib, 99, Bairro Cervejaria, Corumb\u00e1\/MS.<\/p>\n<p>Obs.: A lista de disciplinas ofertadas ainda ser\u00e1 publicada.<\/p>\n<p>&nbsp;<\/p>\n<p>\u2013 Os alunos especiais aprovados dever\u00e3o comparecer na secretaria do PPGE no dia acima mencionado para efetuar <u>matr\u00edcula<\/u> com original e c\u00f3pia de:CERTID\u00c3O DE NASCIMENTO OU CASAMENTO, RG, CPF, T\u00cdTULO DE ELEITOR, CERTIFICADO DE CONCLUS\u00c3O DE GRADUA\u00c7\u00c3O OU DIPLOMA E CERTIFICADO DE RESERVISTA.<\/p>\n<p>&nbsp;<\/p>\n<p>Em caso de d\u00favidas, entrar em contato com a Secretaria.<\/p>\n<p>Telf.: (67) 3234-6214 ou (67) 3234 6212.<\/p>\n<p>Email.:<a href=\"mailto:ppge.cpan@ufms.br\">ppge.cpan@ufms.br<\/a><\/p>\n<p>&nbsp;<\/p>\n","protected":false},"excerpt":{"rendered":"<p>ALUNOS ESPECIAIS Calend\u00e1rio de inscri\u00e7\u00f5es e matr\u00edculas dos alunos especiais para o segundo semestre de 2015 do Curso de Mestrado em Educa\u00e7\u00e3o &#8211; Educa\u00e7\u00e3o Social, do Programa de P\u00f3s-gradua\u00e7\u00e3o em Educa\u00e7\u00e3o, conforme exposto a seguir: &nbsp; 12\/11\/2015 &#8211; Inscri\u00e7\u00e3o para alunos especiais &nbsp; 16\/11\/2015 &#8211; Resultado dos alunos especiais aprovados &nbsp; 17\/11\/2015 &#8211; Matr\u00edcula para [&hellip;]<\/p>\n","protected":false},"author":2660,"featured_media":968,"comment_status":"closed","ping_status":"closed","sticky":false,"template":"","format":"standard","meta":{"footnotes":""},"categories":[1],"tags":[],"coauthors":[],"class_list":["post-1135","post","type-post","status-publish","format-standard","has-post-thumbnail","hentry","category-noticias"],"_links":{"self":[{"href":"https:\/\/ppgecpan.ufms.br\/en\/wp-json\/wp\/v2\/posts\/1135","targetHints":{"allow":["GET"]}}],"collection":[{"href":"https:\/\/ppgecpan.ufms.br\/en\/wp-json\/wp\/v2\/posts"}],"about":[{"href":"https:\/\/ppgecpan.ufms.br\/en\/wp-json\/wp\/v2\/types\/post"}],"author":[{"embeddable":true,"href":"https:\/\/ppgecpan.ufms.br\/en\/wp-json\/wp\/v2\/users\/2660"}],"replies":[{"embeddable":true,"href":"https:\/\/ppgecpan.ufms.br\/en\/wp-json\/wp\/v2\/comments?post=1135"}],"version-history":[{"count":1,"href":"https:\/\/ppgecpan.ufms.br\/en\/wp-json\/wp\/v2\/posts\/1135\/revisions"}],"predecessor-version":[{"id":1136,"href":"https:\/\/ppgecpan.ufms.br\/en\/wp-json\/wp\/v2\/posts\/1135\/revisions\/1136"}],"wp:featuredmedia":[{"embeddable":true,"href":"https:\/\/ppgecpan.ufms.br\/en\/wp-json\/wp\/v2\/media\/968"}],"wp:attachment":[{"href":"https:\/\/ppgecpan.ufms.br\/en\/wp-json\/wp\/v2\/media?parent=1135"}],"wp:term":[{"taxonomy":"category","embeddable":true,"href":"https:\/\/ppgecpan.ufms.br\/en\/wp-json\/wp\/v2\/categories?post=1135"},{"taxonomy":"post_tag","embeddable":true,"href":"https:\/\/ppgecpan.ufms.br\/en\/wp-json\/wp\/v2\/tags?post=1135"},{"taxonomy":"author","embeddable":true,"href":"https:\/\/ppgecpan.ufms.br\/en\/wp-json\/wp\/v2\/coauthors?post=1135"}],"curies":[{"name":"wp","href":"https:\/\/api.w.org\/{rel}","templated":true}]}}