{"id":1293,"date":"2015-11-25T16:30:55","date_gmt":"2015-11-25T20:30:55","guid":{"rendered":"http:\/\/ppgecpan.draconis.ufms.br\/?p=1293"},"modified":"2016-03-12T16:25:44","modified_gmt":"2016-03-12T20:25:44","slug":"seminario-permanente-do-ppgecpan","status":"publish","type":"post","link":"https:\/\/ppgecpan.ufms.br\/en\/seminario-permanente-do-ppgecpan\/","title":{"rendered":"Semin\u00e1rio Permanente do PPGE\/CPAN"},"content":{"rendered":"<p>Com satisfa\u00e7\u00e3o convidamos para a palestra da professora Dra. L\u00facia Yasuco Izumi Nichiata da Universidade de S\u00e3o Paulo (USP), intitulada &#8220;A contribui\u00e7\u00e3o do conceito de vulnerabilidade para a pesquisa em Educa\u00e7\u00e3o&#8221;.<\/p>\n<p>Data: 26 de novembro (quinta-feira)<\/p>\n<p>Hor\u00e1rio: 19:00<\/p>\n<p>Local: Audit\u00f3rio da Unidade III da UFMS\/CPAN.<\/p>\n","protected":false},"excerpt":{"rendered":"<p>Com satisfa\u00e7\u00e3o convidamos para a palestra da professora Dra. L\u00facia Yasuco Izumi Nichiata da Universidade de S\u00e3o Paulo (USP), intitulada &#8220;A contribui\u00e7\u00e3o do conceito de vulnerabilidade para a pesquisa em Educa\u00e7\u00e3o&#8221;. Data: 26 de novembro (quinta-feira) Hor\u00e1rio: 19:00 Local: Audit\u00f3rio da Unidade III da UFMS\/CPAN.<\/p>\n","protected":false},"author":2660,"featured_media":1294,"comment_status":"closed","ping_status":"open","sticky":false,"template":"","format":"standard","meta":{"footnotes":""},"categories":[10,38,1],"tags":[],"coauthors":[],"class_list":["post-1293","post","type-post","status-publish","format-standard","has-post-thumbnail","hentry","category-eventos","category-eventos-internos","category-noticias"],"_links":{"self":[{"href":"https:\/\/ppgecpan.ufms.br\/en\/wp-json\/wp\/v2\/posts\/1293","targetHints":{"allow":["GET"]}}],"collection":[{"href":"https:\/\/ppgecpan.ufms.br\/en\/wp-json\/wp\/v2\/posts"}],"about":[{"href":"https:\/\/ppgecpan.ufms.br\/en\/wp-json\/wp\/v2\/types\/post"}],"author":[{"embeddable":true,"href":"https:\/\/ppgecpan.ufms.br\/en\/wp-json\/wp\/v2\/users\/2660"}],"replies":[{"embeddable":true,"href":"https:\/\/ppgecpan.ufms.br\/en\/wp-json\/wp\/v2\/comments?post=1293"}],"version-history":[{"count":2,"href":"https:\/\/ppgecpan.ufms.br\/en\/wp-json\/wp\/v2\/posts\/1293\/revisions"}],"predecessor-version":[{"id":1595,"href":"https:\/\/ppgecpan.ufms.br\/en\/wp-json\/wp\/v2\/posts\/1293\/revisions\/1595"}],"wp:featuredmedia":[{"embeddable":true,"href":"https:\/\/ppgecpan.ufms.br\/en\/wp-json\/wp\/v2\/media\/1294"}],"wp:attachment":[{"href":"https:\/\/ppgecpan.ufms.br\/en\/wp-json\/wp\/v2\/media?parent=1293"}],"wp:term":[{"taxonomy":"category","embeddable":true,"href":"https:\/\/ppgecpan.ufms.br\/en\/wp-json\/wp\/v2\/categories?post=1293"},{"taxonomy":"post_tag","embeddable":true,"href":"https:\/\/ppgecpan.ufms.br\/en\/wp-json\/wp\/v2\/tags?post=1293"},{"taxonomy":"author","embeddable":true,"href":"https:\/\/ppgecpan.ufms.br\/en\/wp-json\/wp\/v2\/coauthors?post=1293"}],"curies":[{"name":"wp","href":"https:\/\/api.w.org\/{rel}","templated":true}]}}