{"id":1318,"date":"2015-11-30T06:48:06","date_gmt":"2015-11-30T10:48:06","guid":{"rendered":"http:\/\/ppgecpan.draconis.ufms.br\/?p=1318"},"modified":"2015-11-30T06:48:06","modified_gmt":"2015-11-30T10:48:06","slug":"revista-grau-zero-uneb","status":"publish","type":"post","link":"https:\/\/ppgecpan.ufms.br\/en\/revista-grau-zero-uneb\/","title":{"rendered":"Revista Grau Zero &#8211; UNEB"},"content":{"rendered":"<p>&nbsp;<\/p>\n<p>A Revista Grau Zero est\u00e1 com chamada aberta para os N\u00fameros Tem\u00e1ticos<\/p>\n<ul>\n<li><strong> Literatura e Di\u00e1spora, edi\u00e7\u00e3o 2016.1 <\/strong><\/li>\n<li><strong> G\u00eanero, Corpo e Performance, edi\u00e7\u00e3o 2016.2 <\/strong><\/li>\n<\/ul>\n<p>As propostas devem ser enviadas at\u00e9 o dia <strong>26 de fevereiro de 2016<\/strong>.<\/p>\n<p>Os trabalhos (artigos, resenhas e entrevistas in\u00e9ditos) devem ser enviados, conforme normas de publica\u00e7\u00e3o, para o <em>e-mail<\/em> <strong><a href=\"mailto:grauzero.uneb@gmail.com\">grauzero.uneb@gmail.com<\/a><\/strong>, em duas vias, no formato Word, uma contendo texto completo e informa\u00e7\u00f5es sobre o autor (nome, forma\u00e7\u00e3o, e-mail, institui\u00e7\u00e3o, pa\u00eds), outra, contendo texto completo, por\u00e9m, sem nenhum dado que identifique o autor. \u00a0 A Grau Zero (ISSN 2318-7085) \u00e9 destinada \u00e0 produ\u00e7\u00e3o acad\u00eamica de mestrandos e doutorandos de programas de p\u00f3s-gradua\u00e7\u00e3o stricto sensu do Brasil e do exterior. \u00a0 As normas para submiss\u00e3o de textos est\u00e3o dispon\u00edveis no site<a href=\"http:\/\/www.poscritica.uneb.br\/revistagrauzero\">http:\/\/www.poscritica.uneb.br\/revistagrauzero<\/a>. \u00a0 Organiza\u00e7\u00e3o: Estudantes do Programa de P\u00f3s-Gradua\u00e7\u00e3o em Cr\u00edtica Cultural da Universidade do Estado da Bahia (UNEB).<\/p>\n<p>Mais informa\u00e7\u00f5es: <a href=\"http:\/\/poscritica.uneb.br\/revistagrauzero\/\">http:\/\/poscritica.uneb.br\/revistagrauzero\/<\/a><\/p>\n<p><a href=\"https:\/\/www.facebook.com\/Revista-Grau-Zero-1470292759937662\/\">https:\/\/www.facebook.com\/Revista-Grau-Zero-1470292759937662\/<\/a><\/p>\n","protected":false},"excerpt":{"rendered":"<p>&nbsp; A Revista Grau Zero est\u00e1 com chamada aberta para os N\u00fameros Tem\u00e1ticos Literatura e Di\u00e1spora, edi\u00e7\u00e3o 2016.1 G\u00eanero, Corpo e Performance, edi\u00e7\u00e3o 2016.2 As propostas devem ser enviadas at\u00e9 o dia 26 de fevereiro de 2016. Os trabalhos (artigos, resenhas e entrevistas in\u00e9ditos) devem ser enviados, conforme normas de publica\u00e7\u00e3o, para o e-mail grauzero.uneb@gmail.com, [&hellip;]<\/p>\n","protected":false},"author":2660,"featured_media":1319,"comment_status":"closed","ping_status":"open","sticky":false,"template":"","format":"standard","meta":{"footnotes":""},"categories":[37],"tags":[],"coauthors":[],"class_list":["post-1318","post","type-post","status-publish","format-standard","has-post-thumbnail","hentry","category-calls-for-publication"],"_links":{"self":[{"href":"https:\/\/ppgecpan.ufms.br\/en\/wp-json\/wp\/v2\/posts\/1318","targetHints":{"allow":["GET"]}}],"collection":[{"href":"https:\/\/ppgecpan.ufms.br\/en\/wp-json\/wp\/v2\/posts"}],"about":[{"href":"https:\/\/ppgecpan.ufms.br\/en\/wp-json\/wp\/v2\/types\/post"}],"author":[{"embeddable":true,"href":"https:\/\/ppgecpan.ufms.br\/en\/wp-json\/wp\/v2\/users\/2660"}],"replies":[{"embeddable":true,"href":"https:\/\/ppgecpan.ufms.br\/en\/wp-json\/wp\/v2\/comments?post=1318"}],"version-history":[{"count":1,"href":"https:\/\/ppgecpan.ufms.br\/en\/wp-json\/wp\/v2\/posts\/1318\/revisions"}],"predecessor-version":[{"id":1320,"href":"https:\/\/ppgecpan.ufms.br\/en\/wp-json\/wp\/v2\/posts\/1318\/revisions\/1320"}],"wp:featuredmedia":[{"embeddable":true,"href":"https:\/\/ppgecpan.ufms.br\/en\/wp-json\/wp\/v2\/media\/1319"}],"wp:attachment":[{"href":"https:\/\/ppgecpan.ufms.br\/en\/wp-json\/wp\/v2\/media?parent=1318"}],"wp:term":[{"taxonomy":"category","embeddable":true,"href":"https:\/\/ppgecpan.ufms.br\/en\/wp-json\/wp\/v2\/categories?post=1318"},{"taxonomy":"post_tag","embeddable":true,"href":"https:\/\/ppgecpan.ufms.br\/en\/wp-json\/wp\/v2\/tags?post=1318"},{"taxonomy":"author","embeddable":true,"href":"https:\/\/ppgecpan.ufms.br\/en\/wp-json\/wp\/v2\/coauthors?post=1318"}],"curies":[{"name":"wp","href":"https:\/\/api.w.org\/{rel}","templated":true}]}}