{"id":1369,"date":"2016-01-22T09:06:28","date_gmt":"2016-01-22T13:06:28","guid":{"rendered":"http:\/\/ppgecpan.draconis.ufms.br\/?p=1369"},"modified":"2016-01-22T09:07:10","modified_gmt":"2016-01-22T13:07:10","slug":"vania-lima-de-almeida-a-inclusao-escolar-sob-a-perspectiva-do-aluno-com-deficiencia-matriculado-no-ensino-medio","status":"publish","type":"post","link":"https:\/\/ppgecpan.ufms.br\/en\/vania-lima-de-almeida-a-inclusao-escolar-sob-a-perspectiva-do-aluno-com-deficiencia-matriculado-no-ensino-medio\/","title":{"rendered":"V\u00c2NIA LIMA DE ALMEIDA &#8211; A inclus\u00e3o escolar sob a perspectiva do aluno com defici\u00eancia matriculado no Ensino M\u00e9dio"},"content":{"rendered":"<p>&nbsp;<\/p>\n<p>RESUMO<\/p>\n<p>A presente pesquisa teve o objetivo de analisar a trajet\u00f3ria escolar de alunos com defici\u00eancia(s) matriculados no Ensino M\u00e9dio a partir do olhar de quem vivencia\/vivenciou a escola na perspectiva da Educa\u00e7\u00e3o Inclusiva, com a finalidade de identificar as principais intera\u00e7\u00f5es sociais, facilidades e dificuldades passadas por esses alunos no cotidiano escolar, al\u00e9m das expectativas quanto ao futuro, em rela\u00e7\u00e3o ao ensino superior. Para tanto, foi utilizada, como procedimento para coleta de dados, a entrevista semiestruturada com quest\u00f5es abertas, para que os sujeitos da pesquisa fizessem uma reflex\u00e3o e se posicionassem sobre a tem\u00e1tica. Os participantes deste trabalho foram alunos com defici\u00eancia, matriculados nas escolas do munic\u00edpio de Lad\u00e1rio\/MS. Participaram desta pesquisa cinco estudantes com defici\u00eancia de tr\u00eas escolas, sendo duas escolas estaduais e uma, particular. A faixa et\u00e1ria dos mesmos ficou entre 16 e 22 anos. Desses, duas participantes eram do sexo feminino e tr\u00eas do sexo masculino. Eles t\u00eam defici\u00eancias variadas, como: Cegueira, Tetraplegia Esp\u00e1stica, Paralisia Cerebral, Defici\u00eancia Visual e Defici\u00eancia F\u00edsica. Este estudo evidenciou que, durante a trajet\u00f3ria escolar desses alunos, eles se depararam com barreiras de ordem arquitet\u00f4nica, metodol\u00f3gica, atitudinal e instrumental. Esses obst\u00e1culos, de certa forma, dificultavam e\/ou atrapalhavam seus estudos. Assim, constatamos que, apesar do discurso e da forte base te\u00f3rica dispostas nas pol\u00edticas p\u00fablicas de inclus\u00e3o, existe uma contradi\u00e7\u00e3o entre o proposto nos documentos legais e oficiais e o que tem se efetivado no processo de escolariza\u00e7\u00e3o do aluno com defici\u00eancia matriculado. Esperamos que esta pesquisa possa contribuir para discuss\u00f5es sobre a Educa\u00e7\u00e3o do aluno com defici\u00eancia e reiteramos a necessidade de mais estudos dessa natureza, que deem voz a esses alunos que, historicamente, foram exclu\u00eddos de assuntos do seu interesse, e que esses estudos possam ser o instrumento de avalia\u00e7\u00e3o das pol\u00edticas p\u00fablicas na \u00e1rea da Educa\u00e7\u00e3o.<\/p>\n<p><strong>\u00a0Palavras-chave<\/strong>: Necessidades Educacionais Especiais. Pol\u00edticas P\u00fablicas. Educa\u00e7\u00e3o Especial.<\/p>\n<ul>\n<li><a href=\"http:\/\/ppgecpan.draconis.ufms.br\/files\/2016\/01\/RF_V\u00e2nia_disserta\u00e7\u00e3o-1.pdf\" target=\"_blank\">DOWNLOAD<\/a><\/li>\n<\/ul>\n","protected":false},"excerpt":{"rendered":"<p>&nbsp; RESUMO A presente pesquisa teve o objetivo de analisar a trajet\u00f3ria escolar de alunos com defici\u00eancia(s) matriculados no Ensino M\u00e9dio a partir do olhar de quem vivencia\/vivenciou a escola na perspectiva da Educa\u00e7\u00e3o Inclusiva, com a finalidade de identificar as principais intera\u00e7\u00f5es sociais, facilidades e dificuldades passadas por esses alunos no cotidiano escolar, al\u00e9m [&hellip;]<\/p>\n","protected":false},"author":2660,"featured_media":0,"comment_status":"closed","ping_status":"open","sticky":false,"template":"","format":"standard","meta":{"footnotes":""},"categories":[32,8,29],"tags":[],"coauthors":[],"class_list":["post-1369","post","type-post","status-publish","format-standard","hentry","category-32","category-dissertacoes","category-novidades"],"_links":{"self":[{"href":"https:\/\/ppgecpan.ufms.br\/en\/wp-json\/wp\/v2\/posts\/1369","targetHints":{"allow":["GET"]}}],"collection":[{"href":"https:\/\/ppgecpan.ufms.br\/en\/wp-json\/wp\/v2\/posts"}],"about":[{"href":"https:\/\/ppgecpan.ufms.br\/en\/wp-json\/wp\/v2\/types\/post"}],"author":[{"embeddable":true,"href":"https:\/\/ppgecpan.ufms.br\/en\/wp-json\/wp\/v2\/users\/2660"}],"replies":[{"embeddable":true,"href":"https:\/\/ppgecpan.ufms.br\/en\/wp-json\/wp\/v2\/comments?post=1369"}],"version-history":[{"count":3,"href":"https:\/\/ppgecpan.ufms.br\/en\/wp-json\/wp\/v2\/posts\/1369\/revisions"}],"predecessor-version":[{"id":1377,"href":"https:\/\/ppgecpan.ufms.br\/en\/wp-json\/wp\/v2\/posts\/1369\/revisions\/1377"}],"wp:attachment":[{"href":"https:\/\/ppgecpan.ufms.br\/en\/wp-json\/wp\/v2\/media?parent=1369"}],"wp:term":[{"taxonomy":"category","embeddable":true,"href":"https:\/\/ppgecpan.ufms.br\/en\/wp-json\/wp\/v2\/categories?post=1369"},{"taxonomy":"post_tag","embeddable":true,"href":"https:\/\/ppgecpan.ufms.br\/en\/wp-json\/wp\/v2\/tags?post=1369"},{"taxonomy":"author","embeddable":true,"href":"https:\/\/ppgecpan.ufms.br\/en\/wp-json\/wp\/v2\/coauthors?post=1369"}],"curies":[{"name":"wp","href":"https:\/\/api.w.org\/{rel}","templated":true}]}}