{"id":1446,"date":"2016-02-19T09:06:15","date_gmt":"2016-02-19T13:06:15","guid":{"rendered":"http:\/\/ppgecpan.draconis.ufms.br\/?p=1446"},"modified":"2016-03-13T20:23:07","modified_gmt":"2016-03-14T00:23:07","slug":"i-congresso-internacional-de-educacao-especial-e-inclusiva-e-xiii-jornada-de-educacao-especial-unesp-marilia","status":"publish","type":"post","link":"https:\/\/ppgecpan.ufms.br\/en\/i-congresso-internacional-de-educacao-especial-e-inclusiva-e-xiii-jornada-de-educacao-especial-unesp-marilia\/","title":{"rendered":"I Congresso Internacional de Educa\u00e7\u00e3o Especial e Inclusiva e XIII Jornada de Educa\u00e7\u00e3o Especial &#8211; UNESP &#8211; Mar\u00edlia"},"content":{"rendered":"<p>O I Congresso Internacional de Educa\u00e7\u00e3o Especial e Inclusiva e a XIII Jornada de Educa\u00e7\u00e3o Especial ser\u00e3o realizados no per\u00edodo de 18 a 20 de maio de 2016 na Faculdade de Filosofia e Ci\u00eancias, da Universidade Estadual Paulista &#8211; UNESP, campus de Mar\u00edlia.<\/p>\n<p>Mais informa\u00e7\u00f5es:<\/p>\n<p><a href=\"http:\/\/www.fundepe.com\/jee2016\/index.php\" target=\"_blank\">http:\/\/www.fundepe.com\/jee2016\/index.php<\/a><\/p>\n<p>&nbsp;<\/p>\n","protected":false},"excerpt":{"rendered":"<p>O I Congresso Internacional de Educa\u00e7\u00e3o Especial e Inclusiva e a XIII Jornada de Educa\u00e7\u00e3o Especial ser\u00e3o realizados no per\u00edodo de 18 a 20 de maio de 2016 na Faculdade de Filosofia e Ci\u00eancias, da Universidade Estadual Paulista &#8211; UNESP, campus de Mar\u00edlia. Mais informa\u00e7\u00f5es: http:\/\/www.fundepe.com\/jee2016\/index.php &nbsp;<\/p>\n","protected":false},"author":2660,"featured_media":1653,"comment_status":"closed","ping_status":"open","sticky":false,"template":"","format":"standard","meta":{"footnotes":""},"categories":[10,39,29],"tags":[],"coauthors":[],"class_list":["post-1446","post","type-post","status-publish","format-standard","has-post-thumbnail","hentry","category-eventos","category-eventos-externos","category-novidades"],"_links":{"self":[{"href":"https:\/\/ppgecpan.ufms.br\/en\/wp-json\/wp\/v2\/posts\/1446","targetHints":{"allow":["GET"]}}],"collection":[{"href":"https:\/\/ppgecpan.ufms.br\/en\/wp-json\/wp\/v2\/posts"}],"about":[{"href":"https:\/\/ppgecpan.ufms.br\/en\/wp-json\/wp\/v2\/types\/post"}],"author":[{"embeddable":true,"href":"https:\/\/ppgecpan.ufms.br\/en\/wp-json\/wp\/v2\/users\/2660"}],"replies":[{"embeddable":true,"href":"https:\/\/ppgecpan.ufms.br\/en\/wp-json\/wp\/v2\/comments?post=1446"}],"version-history":[{"count":2,"href":"https:\/\/ppgecpan.ufms.br\/en\/wp-json\/wp\/v2\/posts\/1446\/revisions"}],"predecessor-version":[{"id":1448,"href":"https:\/\/ppgecpan.ufms.br\/en\/wp-json\/wp\/v2\/posts\/1446\/revisions\/1448"}],"wp:featuredmedia":[{"embeddable":true,"href":"https:\/\/ppgecpan.ufms.br\/en\/wp-json\/wp\/v2\/media\/1653"}],"wp:attachment":[{"href":"https:\/\/ppgecpan.ufms.br\/en\/wp-json\/wp\/v2\/media?parent=1446"}],"wp:term":[{"taxonomy":"category","embeddable":true,"href":"https:\/\/ppgecpan.ufms.br\/en\/wp-json\/wp\/v2\/categories?post=1446"},{"taxonomy":"post_tag","embeddable":true,"href":"https:\/\/ppgecpan.ufms.br\/en\/wp-json\/wp\/v2\/tags?post=1446"},{"taxonomy":"author","embeddable":true,"href":"https:\/\/ppgecpan.ufms.br\/en\/wp-json\/wp\/v2\/coauthors?post=1446"}],"curies":[{"name":"wp","href":"https:\/\/api.w.org\/{rel}","templated":true}]}}