{"id":1493,"date":"2014-08-10T16:33:43","date_gmt":"2014-08-10T20:33:43","guid":{"rendered":"http:\/\/ppgecpan.draconis.ufms.br\/?p=1493"},"modified":"2016-02-25T16:43:14","modified_gmt":"2016-02-25T20:43:14","slug":"1493-2","status":"publish","type":"post","link":"https:\/\/ppgecpan.ufms.br\/en\/1493-2\/","title":{"rendered":"Convite para a mesa redonda: &#8220;Indicadores da educa\u00e7\u00e3o especial no Brasil&#8221;"},"content":{"rendered":"<p>O PPGE\/CPAN convida a todos\/as para a mesa &#8220;Indicadores da educa\u00e7\u00e3o especial no Brasil&#8221;, com as professoras Silvia Meletti, K\u00e1tia Caiado e M\u00f4nica Kassar.<\/p>\n<p>Data: <strong>14\/08\/2014<\/strong><\/p>\n<p>Hor\u00e1rio: 19h30<\/p>\n<p>Local: Audit\u00f3rio da Unidade III (UFMS\/CPAN)<\/p>\n","protected":false},"excerpt":{"rendered":"<p>O PPGE\/CPAN convida a todos\/as para a mesa &#8220;Indicadores da educa\u00e7\u00e3o especial no Brasil&#8221;, com as professoras Silvia Meletti, K\u00e1tia Caiado e M\u00f4nica Kassar. Data: 14\/08\/2014 Hor\u00e1rio: 19h30 Local: Audit\u00f3rio da Unidade III (UFMS\/CPAN)<\/p>\n","protected":false},"author":2660,"featured_media":1494,"comment_status":"closed","ping_status":"open","sticky":false,"template":"","format":"standard","meta":{"footnotes":""},"categories":[10,38],"tags":[],"coauthors":[],"class_list":["post-1493","post","type-post","status-publish","format-standard","has-post-thumbnail","hentry","category-eventos","category-eventos-internos"],"_links":{"self":[{"href":"https:\/\/ppgecpan.ufms.br\/en\/wp-json\/wp\/v2\/posts\/1493","targetHints":{"allow":["GET"]}}],"collection":[{"href":"https:\/\/ppgecpan.ufms.br\/en\/wp-json\/wp\/v2\/posts"}],"about":[{"href":"https:\/\/ppgecpan.ufms.br\/en\/wp-json\/wp\/v2\/types\/post"}],"author":[{"embeddable":true,"href":"https:\/\/ppgecpan.ufms.br\/en\/wp-json\/wp\/v2\/users\/2660"}],"replies":[{"embeddable":true,"href":"https:\/\/ppgecpan.ufms.br\/en\/wp-json\/wp\/v2\/comments?post=1493"}],"version-history":[{"count":1,"href":"https:\/\/ppgecpan.ufms.br\/en\/wp-json\/wp\/v2\/posts\/1493\/revisions"}],"predecessor-version":[{"id":1495,"href":"https:\/\/ppgecpan.ufms.br\/en\/wp-json\/wp\/v2\/posts\/1493\/revisions\/1495"}],"wp:featuredmedia":[{"embeddable":true,"href":"https:\/\/ppgecpan.ufms.br\/en\/wp-json\/wp\/v2\/media\/1494"}],"wp:attachment":[{"href":"https:\/\/ppgecpan.ufms.br\/en\/wp-json\/wp\/v2\/media?parent=1493"}],"wp:term":[{"taxonomy":"category","embeddable":true,"href":"https:\/\/ppgecpan.ufms.br\/en\/wp-json\/wp\/v2\/categories?post=1493"},{"taxonomy":"post_tag","embeddable":true,"href":"https:\/\/ppgecpan.ufms.br\/en\/wp-json\/wp\/v2\/tags?post=1493"},{"taxonomy":"author","embeddable":true,"href":"https:\/\/ppgecpan.ufms.br\/en\/wp-json\/wp\/v2\/coauthors?post=1493"}],"curies":[{"name":"wp","href":"https:\/\/api.w.org\/{rel}","templated":true}]}}