{"id":1515,"date":"2014-09-20T09:38:35","date_gmt":"2014-09-20T13:38:35","guid":{"rendered":"http:\/\/ppgecpan.draconis.ufms.br\/?p=1515"},"modified":"2016-03-13T11:26:16","modified_gmt":"2016-03-13T15:26:16","slug":"convite-palestra-com-professsor-dr-andre-silva-martins-ufjf","status":"publish","type":"post","link":"https:\/\/ppgecpan.ufms.br\/en\/convite-palestra-com-professsor-dr-andre-silva-martins-ufjf\/","title":{"rendered":"Convite: Palestra com professsor Dr. Andr\u00e9 Silva Martins (UFJF)"},"content":{"rendered":"<p>O PPGE \u2013 Programa de P\u00f3s-gradua\u00e7\u00e3o em Educa\u00e7\u00e3o do C\u00e2mpus do Pantanal, em n\u00edvel de Mestrado, convida a comunidade acad\u00eamica e demais interessados para palestra, no dia 26\/09, sexta-feira, \u00e0s 18h, no Audit\u00f3rio da Unidade III \u2013 no Porto Geral \u2013 com o professor Dr. Andr\u00e9 Silva Martins, da Universidade Federal de Juiz de Fora, que falar\u00e1 sobre o \u201cEstado e projetos de educa\u00e7\u00e3o: as formula\u00e7\u00f5es da classe empresarial para a escola p\u00fablica\u201d.<\/p>\n<p><a href=\"http:\/\/buscatextual.cnpq.br\/buscatextual\/visualizacv.do?metodo=apresentar&amp;id=K4700494H9\" target=\"_blank\">Professor Dr. Andr\u00e9 Silva Martins <\/a>\u00e9 professor Adjunto I da Faculdade de Educa\u00e7\u00e3o da Universidade Federal de Juiz de Fora, Mestre em Educa\u00e7\u00e3o pela Universidade Federal Fluminense (1998) e Doutor em Educa\u00e7\u00e3o pela Universidade Federal Fluminense (2007). \u00c9 vinculado aos seguintes grupos de pesquisa: Coletivo de Estudos Sobre Pol\u00edtica Educacional (FIOCRUZ-RJ) e N\u00facleo de Estudos sobre Trabalho e Educa\u00e7\u00e3o (UFJF).<\/p>\n<p>PPGE\/CPAN<\/p>\n","protected":false},"excerpt":{"rendered":"<p>O PPGE \u2013 Programa de P\u00f3s-gradua\u00e7\u00e3o em Educa\u00e7\u00e3o do C\u00e2mpus do Pantanal, em n\u00edvel de Mestrado, convida a comunidade acad\u00eamica e demais interessados para palestra, no dia 26\/09, sexta-feira, \u00e0s 18h, no Audit\u00f3rio da Unidade III \u2013 no Porto Geral \u2013 com o professor Dr. Andr\u00e9 Silva Martins, da Universidade Federal de Juiz de Fora, [&hellip;]<\/p>\n","protected":false},"author":2660,"featured_media":968,"comment_status":"closed","ping_status":"open","sticky":false,"template":"","format":"standard","meta":{"footnotes":""},"categories":[10,38],"tags":[],"coauthors":[],"class_list":["post-1515","post","type-post","status-publish","format-standard","has-post-thumbnail","hentry","category-eventos","category-eventos-internos"],"_links":{"self":[{"href":"https:\/\/ppgecpan.ufms.br\/en\/wp-json\/wp\/v2\/posts\/1515","targetHints":{"allow":["GET"]}}],"collection":[{"href":"https:\/\/ppgecpan.ufms.br\/en\/wp-json\/wp\/v2\/posts"}],"about":[{"href":"https:\/\/ppgecpan.ufms.br\/en\/wp-json\/wp\/v2\/types\/post"}],"author":[{"embeddable":true,"href":"https:\/\/ppgecpan.ufms.br\/en\/wp-json\/wp\/v2\/users\/2660"}],"replies":[{"embeddable":true,"href":"https:\/\/ppgecpan.ufms.br\/en\/wp-json\/wp\/v2\/comments?post=1515"}],"version-history":[{"count":1,"href":"https:\/\/ppgecpan.ufms.br\/en\/wp-json\/wp\/v2\/posts\/1515\/revisions"}],"predecessor-version":[{"id":1516,"href":"https:\/\/ppgecpan.ufms.br\/en\/wp-json\/wp\/v2\/posts\/1515\/revisions\/1516"}],"wp:featuredmedia":[{"embeddable":true,"href":"https:\/\/ppgecpan.ufms.br\/en\/wp-json\/wp\/v2\/media\/968"}],"wp:attachment":[{"href":"https:\/\/ppgecpan.ufms.br\/en\/wp-json\/wp\/v2\/media?parent=1515"}],"wp:term":[{"taxonomy":"category","embeddable":true,"href":"https:\/\/ppgecpan.ufms.br\/en\/wp-json\/wp\/v2\/categories?post=1515"},{"taxonomy":"post_tag","embeddable":true,"href":"https:\/\/ppgecpan.ufms.br\/en\/wp-json\/wp\/v2\/tags?post=1515"},{"taxonomy":"author","embeddable":true,"href":"https:\/\/ppgecpan.ufms.br\/en\/wp-json\/wp\/v2\/coauthors?post=1515"}],"curies":[{"name":"wp","href":"https:\/\/api.w.org\/{rel}","templated":true}]}}