{"id":1541,"date":"2016-03-10T16:08:34","date_gmt":"2016-03-10T20:08:34","guid":{"rendered":"http:\/\/ppgecpan.draconis.ufms.br\/?p=1541"},"modified":"2016-03-14T14:15:41","modified_gmt":"2016-03-14T18:15:41","slug":"bruno-marini-bruneri-abc-do-alfabetizador-analise-das-concepcoes-teoricas-do-metodo-metafonico","status":"publish","type":"post","link":"https:\/\/ppgecpan.ufms.br\/en\/bruno-marini-bruneri-abc-do-alfabetizador-analise-das-concepcoes-teoricas-do-metodo-metafonico\/","title":{"rendered":"BRUNO MARINI BRUNERI &#8211; ABC do alfabetizador: an\u00e1lise das concep\u00e7\u00f5es te\u00f3ricas do m\u00e9todo (meta)f\u00f4nico"},"content":{"rendered":"<p><b><span style=\"color: #000000;font-family: Arial\">RESUMO <\/span><\/b><\/p>\n<p><span style=\"color: #000000;font-family: Arial\">Desde os anos 2000, a organiza\u00e7\u00e3o n\u00e3o governamental Instituto Alfa e Beto vem desenvolvendo materiais e programas de ensino pautados na abordagem f\u00f4nica para a alfabetiza\u00e7\u00e3o de crian\u00e7as e adultos. Atualmente, seus produtos e servi\u00e7os t\u00eam ampla repercuss\u00e3o no territ\u00f3rio nacional, incluindo o estado de Mato Grosso do Sul, bem como em pa\u00edses estrangeiros. Sendo assim, partindo de pressupostos te\u00f3ricos pautados em contribui\u00e7\u00f5es atuais da ci\u00eancia Lingu\u00edstica, Psicologia Cognitiva e estudos da Educa\u00e7\u00e3o, que envolvem a alfabetiza\u00e7\u00e3o e o letramento, adotou-se como objetivo deste trabalho analisar as concep\u00e7\u00f5es te\u00f3ricas cujo cerne \u00e9 a alfabetiza\u00e7\u00e3o presente no \u2015ABC do Alfabetizador&#8221;, livro de forma\u00e7\u00e3o do professor, do Programa Alfa e Beto de Alfabetiza\u00e7\u00e3o, comercializado pelo instituto. Para atender os aspectos metodol\u00f3gicos da investiga\u00e7\u00e3o, optou-se pela pesquisa de abordagem qualitativa cujas fontes de informa\u00e7\u00e3o e os procedimentos de coleta s\u00e3o de cunho documental. Dessa maneira, para atender tais procedimentos, utilizou-se a t\u00e9cnica de pesquisa baseada na an\u00e1lise de conte\u00fado. Os resultados da an\u00e1lise levaram \u00e0 afirma\u00e7\u00e3o de que, apesar de o m\u00e9todo metaf\u00f4nico criado pelo autor do material analisado possuir novas caracter\u00edsticas que o diferem do antigo m\u00e9todo f\u00f4nico, criado na Idade M\u00e9dia e abandonado por seus contempor\u00e2neos por sua inefici\u00eancia, entende a alfabetiza\u00e7\u00e3o como um ato que se traduz em decodificar\/codificar os sons das letras. <\/span><\/p>\n<p><b><span style=\"line-height: 115%;font-family: 'Arial','sans-serif';font-size: 12pt\"><span style=\"color: #000000\">\u00a0<\/span><\/span><\/b><b><span style=\"line-height: 115%;font-family: 'Arial','sans-serif';font-size: 12pt\"><span style=\"color: #000000\">Palavras-chave<\/span><\/span><\/b><span style=\"line-height: 115%;font-family: 'Arial','sans-serif';font-size: 12pt\"><span style=\"color: #000000\">: alfabetiza\u00e7\u00e3o, m\u00e9todo metaf\u00f4nico, concep\u00e7\u00f5es te\u00f3ricas.<\/span><\/span><\/p>\n<ul>\n<li><a href=\"http:\/\/ppgecpan.draconis.ufms.br\/files\/2016\/03\/BRUNO-disserta\u00e7\u00e3o.pdf\" target=\"_blank\">DOWNLOAD<\/a><\/li>\n<\/ul>\n","protected":false},"excerpt":{"rendered":"<p>RESUMO Desde os anos 2000, a organiza\u00e7\u00e3o n\u00e3o governamental Instituto Alfa e Beto vem desenvolvendo materiais e programas de ensino pautados na abordagem f\u00f4nica para a alfabetiza\u00e7\u00e3o de crian\u00e7as e adultos. Atualmente, seus produtos e servi\u00e7os t\u00eam ampla repercuss\u00e3o no territ\u00f3rio nacional, incluindo o estado de Mato Grosso do Sul, bem como em pa\u00edses estrangeiros. [&hellip;]<\/p>\n","protected":false},"author":2660,"featured_media":968,"comment_status":"closed","ping_status":"open","sticky":false,"template":"","format":"standard","meta":{"footnotes":""},"categories":[32,8,1],"tags":[],"coauthors":[],"class_list":["post-1541","post","type-post","status-publish","format-standard","has-post-thumbnail","hentry","category-32","category-dissertacoes","category-noticias"],"_links":{"self":[{"href":"https:\/\/ppgecpan.ufms.br\/en\/wp-json\/wp\/v2\/posts\/1541","targetHints":{"allow":["GET"]}}],"collection":[{"href":"https:\/\/ppgecpan.ufms.br\/en\/wp-json\/wp\/v2\/posts"}],"about":[{"href":"https:\/\/ppgecpan.ufms.br\/en\/wp-json\/wp\/v2\/types\/post"}],"author":[{"embeddable":true,"href":"https:\/\/ppgecpan.ufms.br\/en\/wp-json\/wp\/v2\/users\/2660"}],"replies":[{"embeddable":true,"href":"https:\/\/ppgecpan.ufms.br\/en\/wp-json\/wp\/v2\/comments?post=1541"}],"version-history":[{"count":1,"href":"https:\/\/ppgecpan.ufms.br\/en\/wp-json\/wp\/v2\/posts\/1541\/revisions"}],"predecessor-version":[{"id":1543,"href":"https:\/\/ppgecpan.ufms.br\/en\/wp-json\/wp\/v2\/posts\/1541\/revisions\/1543"}],"wp:featuredmedia":[{"embeddable":true,"href":"https:\/\/ppgecpan.ufms.br\/en\/wp-json\/wp\/v2\/media\/968"}],"wp:attachment":[{"href":"https:\/\/ppgecpan.ufms.br\/en\/wp-json\/wp\/v2\/media?parent=1541"}],"wp:term":[{"taxonomy":"category","embeddable":true,"href":"https:\/\/ppgecpan.ufms.br\/en\/wp-json\/wp\/v2\/categories?post=1541"},{"taxonomy":"post_tag","embeddable":true,"href":"https:\/\/ppgecpan.ufms.br\/en\/wp-json\/wp\/v2\/tags?post=1541"},{"taxonomy":"author","embeddable":true,"href":"https:\/\/ppgecpan.ufms.br\/en\/wp-json\/wp\/v2\/coauthors?post=1541"}],"curies":[{"name":"wp","href":"https:\/\/api.w.org\/{rel}","templated":true}]}}