{"id":1544,"date":"2016-03-11T07:05:29","date_gmt":"2016-03-11T11:05:29","guid":{"rendered":"http:\/\/ppgecpan.draconis.ufms.br\/?p=1544"},"modified":"2016-03-11T21:36:19","modified_gmt":"2016-03-12T01:36:19","slug":"i-congresso-internacional-de-historia-regional-pensando-guerra-do-paraguai-e-o-processo-de-consolidacao-dos-estados-nacionais-da-bacia-do-rio-da-prata","status":"publish","type":"post","link":"https:\/\/ppgecpan.ufms.br\/en\/i-congresso-internacional-de-historia-regional-pensando-guerra-do-paraguai-e-o-processo-de-consolidacao-dos-estados-nacionais-da-bacia-do-rio-da-prata\/","title":{"rendered":"I Congresso Internacional de Hist\u00f3ria Regional: Pensando a Guerra do Paraguai e o Processo de Consolida\u00e7\u00e3o dos Estados Nacionais da Bacia do Rio da Prata"},"content":{"rendered":"<p>I Congresso Internacional de Hist\u00f3ria Regional: Pensando a Guerra do Paraguai e o Processo de Consolida\u00e7\u00e3o dos Estados Nacionais da Bacia do Rio da Prata<\/p>\n<p><strong>Datas<\/strong>: <strong>17, 18 e 19 de Maio 2016<\/strong><\/p>\n<p><strong>Local<\/strong>: Aquidauana &#8211; MS,\u00a0Campus da Universidade Federal de Mato Grosso do Sul \u2013 CPAQ\/UFMS, Centro de Conven\u00e7\u00f5es de Anast\u00e1cio.<\/p>\n<p>O Comit\u00ea de Organiza\u00e7\u00e3o resolveu prorrogar o prazo para o envio de textos completos e resumos expandidos, nova data at\u00e9 <strong>02 de abril de 2016<\/strong>.<\/p>\n<p><a href=\"http:\/\/ppgecpan.draconis.ufms.br\/files\/2016\/03\/Terceira-Circ-Guerra-do-Paraguai.pdf\" target=\"_blank\">Terceira Circular<\/a>.<\/p>\n<p>&nbsp;<\/p>\n<p><strong>Cronograma: Datas importantes (Novas datas) <\/strong><\/p>\n<p>Per\u00edodo para envio de textos completos e resumos expandidos para aprecia\u00e7\u00e3o do comit\u00ea: 01 de dezembro de 2015 a 02 de abril de 2016.<\/p>\n<p>Data para divulga\u00e7\u00e3o dos aceites dos trabalhos: 30 de abril de 2016<\/p>\n<p>Per\u00edodo de inscri\u00e7\u00e3o para apresenta\u00e7\u00e3o de trabalho p\u00f3s-aceite: 2 de maio de 2016<\/p>\n<p>Per\u00edodo para reenvio (definitivo) dos textos p\u00f3s-aceite: 30 de abril de 2016<\/p>\n<p>Quarta Circular: 2 de maio de 2016 (inscri\u00e7\u00f5es, alojamento e hospedagem, programa\u00e7\u00e3o completa de palestras e conferencias, etc.)<\/p>\n<p>Divulga\u00e7\u00e3o do ISBN dos Anais do Evento: 14 de maio de 2016.<\/p>\n<p>&nbsp;<\/p>\n<p><strong>Contato<\/strong>: cadef.cpaq@ufms.br<\/p>\n<p>Cadef\/UFMS \u2013 Est\u00e1dio Moren\u00e3o, Port\u00e3o 32, Sala 3. Campo Grande \u2013 MS. Telefone: (67) 3345-7191.<\/p>\n<p><a href=\"http:\/\/www.congressohistoriaregional.com.br\" target=\"_blank\">www.congressohistoriaregional.com.br<\/a><\/p>\n","protected":false},"excerpt":{"rendered":"<p>I Congresso Internacional de Hist\u00f3ria Regional: Pensando a Guerra do Paraguai e o Processo de Consolida\u00e7\u00e3o dos Estados Nacionais da Bacia do Rio da Prata Datas: 17, 18 e 19 de Maio 2016 Local: Aquidauana &#8211; MS,\u00a0Campus da Universidade Federal de Mato Grosso do Sul \u2013 CPAQ\/UFMS, Centro de Conven\u00e7\u00f5es de Anast\u00e1cio. O Comit\u00ea de [&hellip;]<\/p>\n","protected":false},"author":2660,"featured_media":1545,"comment_status":"closed","ping_status":"open","sticky":false,"template":"","format":"standard","meta":{"footnotes":""},"categories":[10,39,1],"tags":[],"coauthors":[],"class_list":["post-1544","post","type-post","status-publish","format-standard","has-post-thumbnail","hentry","category-eventos","category-eventos-externos","category-noticias"],"_links":{"self":[{"href":"https:\/\/ppgecpan.ufms.br\/en\/wp-json\/wp\/v2\/posts\/1544","targetHints":{"allow":["GET"]}}],"collection":[{"href":"https:\/\/ppgecpan.ufms.br\/en\/wp-json\/wp\/v2\/posts"}],"about":[{"href":"https:\/\/ppgecpan.ufms.br\/en\/wp-json\/wp\/v2\/types\/post"}],"author":[{"embeddable":true,"href":"https:\/\/ppgecpan.ufms.br\/en\/wp-json\/wp\/v2\/users\/2660"}],"replies":[{"embeddable":true,"href":"https:\/\/ppgecpan.ufms.br\/en\/wp-json\/wp\/v2\/comments?post=1544"}],"version-history":[{"count":6,"href":"https:\/\/ppgecpan.ufms.br\/en\/wp-json\/wp\/v2\/posts\/1544\/revisions"}],"predecessor-version":[{"id":1552,"href":"https:\/\/ppgecpan.ufms.br\/en\/wp-json\/wp\/v2\/posts\/1544\/revisions\/1552"}],"wp:featuredmedia":[{"embeddable":true,"href":"https:\/\/ppgecpan.ufms.br\/en\/wp-json\/wp\/v2\/media\/1545"}],"wp:attachment":[{"href":"https:\/\/ppgecpan.ufms.br\/en\/wp-json\/wp\/v2\/media?parent=1544"}],"wp:term":[{"taxonomy":"category","embeddable":true,"href":"https:\/\/ppgecpan.ufms.br\/en\/wp-json\/wp\/v2\/categories?post=1544"},{"taxonomy":"post_tag","embeddable":true,"href":"https:\/\/ppgecpan.ufms.br\/en\/wp-json\/wp\/v2\/tags?post=1544"},{"taxonomy":"author","embeddable":true,"href":"https:\/\/ppgecpan.ufms.br\/en\/wp-json\/wp\/v2\/coauthors?post=1544"}],"curies":[{"name":"wp","href":"https:\/\/api.w.org\/{rel}","templated":true}]}}