{"id":1589,"date":"2014-11-26T16:14:48","date_gmt":"2014-11-26T20:14:48","guid":{"rendered":"http:\/\/ppgecpan.draconis.ufms.br\/?p=1589"},"modified":"2016-03-12T16:16:58","modified_gmt":"2016-03-12T20:16:58","slug":"seminario-sobre-sexualidade-genero-e-educacao-une-academicos-da-graduacao-e-do-mestrado-do-cpan","status":"publish","type":"post","link":"https:\/\/ppgecpan.ufms.br\/en\/seminario-sobre-sexualidade-genero-e-educacao-une-academicos-da-graduacao-e-do-mestrado-do-cpan\/","title":{"rendered":"Semin\u00e1rio sobre sexualidade, g\u00eanero e educa\u00e7\u00e3o une acad\u00eamicos da gradua\u00e7\u00e3o e do Mestrado do CPAN"},"content":{"rendered":"<p style=\"text-align: justify;line-height: 13.6pt;background: white;margin: 0cm 0cm 7.15pt 0cm\"><span style=\"font-size: 9.5pt;font-family: 'Arial','sans-serif';color: black\">Durante todo o dia<span class=\"apple-converted-space\"><b>\u00a0<\/b><\/span><strong><span style=\"font-family: 'Arial','sans-serif'\">28 de novembro de 2014, sexta-feira, das 08h \u00e0s 17h,<\/span><\/strong><span class=\"apple-converted-space\">\u00a0<\/span>na Unidade III do Campus do Pantanal, o tema \u201cAdolesc\u00eancia, sexualidade, g\u00eanero, diversidade cultural e educa\u00e7\u00e3o: contribui\u00e7\u00f5es para a forma\u00e7\u00e3o de Educadores Sociais\u201d estar\u00e1 em discuss\u00e3o entre acad\u00eamicos de Pedagogia e p\u00f3s-graduandos do Programa de Mestrado em Educa\u00e7\u00e3o do Campus do Pantanal, da Universidade Federal de Mato Grosso do Sul.<\/span><\/p>\n<p style=\"text-align: justify;line-height: 13.6pt;background: white;margin: 0cm 0cm 7.15pt 0cm\"><span><span style=\"font-size: 9.5pt;font-family: 'Arial','sans-serif';color: black\">A abertura do evento ficar\u00e1 a cargo do Diretor do C\u00e2mpus, Prof. Dr. Edgar Aparecido da Costa e da Secret\u00e1ria de Assist\u00eancia Social de Corumb\u00e1, Andrea Ulle. Da programa\u00e7\u00e3o constam apresenta\u00e7\u00f5es de trabalhos da gradua\u00e7\u00e3o, na parte da manh\u00e3, e dos mestrandos, na parte da tarde.<\/span><\/span><\/p>\n<p style=\"text-align: justify;line-height: 13.6pt;background: white;margin: 0cm 0cm 7.15pt 0cm\"><span><span style=\"font-size: 9.5pt;font-family: 'Arial','sans-serif';color: black\">Para o encerramento est\u00e1 programada a Confer\u00eancia \u201cAdolesc\u00eancia, sexualidade e G\u00eanero, o papel do Terceiro Setor e suas correspond\u00eancias com a educa\u00e7\u00e3o, sa\u00fade e desenvolvimento social\u201d, que ser\u00e1 apresentada por Vanessa Fonseca, Coordenadora de Programas do<span class=\"apple-converted-space\">\u00a0<\/span><a href=\"http:\/\/www.promundo.org.br\/\" target=\"_blank\"><span style=\"color: #0099cc;text-decoration: none\">Instituto Promundo<\/span><\/a><span class=\"apple-converted-space\">\u00a0<\/span>Brasil, com sede no Rio de Janeiro (RJ).<\/span><\/span><\/p>\n<p style=\"text-align: justify;line-height: 13.6pt;background: white;margin: 0cm 0cm 7.15pt 0cm\"><span><span xml:lang=\"pt\"><span style=\"font-size: 9.5pt;font-family: 'Arial','sans-serif';color: black\">O Instituto Promundo \u00e9 uma organiza\u00e7\u00e3o n\u00e3o governamental brasileira que atua no Brasil e internacionalmente \u2013 com escrit\u00f3rios no Rio de Janeiro (Brasil),<span class=\"apple-converted-space\">\u00a0<\/span><\/span><span xml:lang=\"pt\">em Washington, DC (Estados Unidos) e em Kigali (Ruanda) \u2013 para promover masculinidades n\u00e3o violentas e rela\u00e7\u00f5es de g\u00eanero equitativas.<span class=\"apple-converted-space\">\u00a0<\/span><\/span>O Promundo define\u2011se como um instituto de pesquisa aplicada que leva a cabo programas de interven\u00e7\u00e3o, testando e avaliando metodologias pr\u00f3prias, e que realiza a\u00e7\u00f5es de<span class=\"apple-converted-space\">\u00a0<\/span><em><span style=\"font-family: 'Arial','sans-serif'\">advocacy<\/span><\/em><span class=\"apple-converted-space\">\u00a0<\/span>para pol\u00edticas e programas em contextos de viol\u00eancia urbana, p\u00f3s\u2011conflito e guerra.<\/span><\/span><\/p>\n<p style=\"text-align: justify;line-height: 13.6pt;background: white;margin: 0cm 0cm 7.15pt 0cm\"><span><span style=\"font-size: 9.5pt;font-family: 'Arial','sans-serif';color: black\">Este Semin\u00e1rio ganhou o apoio da Prefeitura de Corumb\u00e1 e da Wizard.<\/span><\/span><\/p>\n<p style=\"text-align: justify;line-height: 13.6pt;background: white;margin: 0cm 0cm 7.15pt 0cm\"><strong><span><span style=\"font-size: 9.5pt;font-family: 'Arial','sans-serif';color: black\">CONFIRA A PROGRAMA\u00c7\u00c3O COMPLETA DO SEMIN\u00c1RIO \u2013<\/span><\/span><\/strong><span class=\"apple-converted-space\"><b><span style=\"font-size: 9.5pt;font-family: 'Arial','sans-serif';color: black\">\u00a0<\/span><\/b><\/span><span style=\"font-size: 9.5pt;font-family: 'Arial','sans-serif';color: #2c3e50\"><a href=\"http:\/\/ppgecpan.draconis.ufms.br\/files\/2016\/03\/PROGRAMA\u00c7\u00c3O-SEMIN\u00c1RIO-PEDAGOGIA-28.11.2014.pdf\" target=\"_blank\"><span style=\"color: #0099cc;text-decoration: none\">aqui<\/span><\/a><\/span><\/p>\n","protected":false},"excerpt":{"rendered":"<p>Durante todo o dia\u00a028 de novembro de 2014, sexta-feira, das 08h \u00e0s 17h,\u00a0na Unidade III do Campus do Pantanal, o tema \u201cAdolesc\u00eancia, sexualidade, g\u00eanero, diversidade cultural e educa\u00e7\u00e3o: contribui\u00e7\u00f5es para a forma\u00e7\u00e3o de Educadores Sociais\u201d estar\u00e1 em discuss\u00e3o entre acad\u00eamicos de Pedagogia e p\u00f3s-graduandos do Programa de Mestrado em Educa\u00e7\u00e3o do Campus do Pantanal, da [&hellip;]<\/p>\n","protected":false},"author":2660,"featured_media":1586,"comment_status":"closed","ping_status":"open","sticky":false,"template":"","format":"standard","meta":{"footnotes":""},"categories":[10,38],"tags":[],"coauthors":[],"class_list":["post-1589","post","type-post","status-publish","format-standard","has-post-thumbnail","hentry","category-eventos","category-eventos-internos"],"_links":{"self":[{"href":"https:\/\/ppgecpan.ufms.br\/en\/wp-json\/wp\/v2\/posts\/1589","targetHints":{"allow":["GET"]}}],"collection":[{"href":"https:\/\/ppgecpan.ufms.br\/en\/wp-json\/wp\/v2\/posts"}],"about":[{"href":"https:\/\/ppgecpan.ufms.br\/en\/wp-json\/wp\/v2\/types\/post"}],"author":[{"embeddable":true,"href":"https:\/\/ppgecpan.ufms.br\/en\/wp-json\/wp\/v2\/users\/2660"}],"replies":[{"embeddable":true,"href":"https:\/\/ppgecpan.ufms.br\/en\/wp-json\/wp\/v2\/comments?post=1589"}],"version-history":[{"count":1,"href":"https:\/\/ppgecpan.ufms.br\/en\/wp-json\/wp\/v2\/posts\/1589\/revisions"}],"predecessor-version":[{"id":1590,"href":"https:\/\/ppgecpan.ufms.br\/en\/wp-json\/wp\/v2\/posts\/1589\/revisions\/1590"}],"wp:featuredmedia":[{"embeddable":true,"href":"https:\/\/ppgecpan.ufms.br\/en\/wp-json\/wp\/v2\/media\/1586"}],"wp:attachment":[{"href":"https:\/\/ppgecpan.ufms.br\/en\/wp-json\/wp\/v2\/media?parent=1589"}],"wp:term":[{"taxonomy":"category","embeddable":true,"href":"https:\/\/ppgecpan.ufms.br\/en\/wp-json\/wp\/v2\/categories?post=1589"},{"taxonomy":"post_tag","embeddable":true,"href":"https:\/\/ppgecpan.ufms.br\/en\/wp-json\/wp\/v2\/tags?post=1589"},{"taxonomy":"author","embeddable":true,"href":"https:\/\/ppgecpan.ufms.br\/en\/wp-json\/wp\/v2\/coauthors?post=1589"}],"curies":[{"name":"wp","href":"https:\/\/api.w.org\/{rel}","templated":true}]}}