{"id":1591,"date":"2014-10-29T16:19:43","date_gmt":"2014-10-29T20:19:43","guid":{"rendered":"http:\/\/ppgecpan.draconis.ufms.br\/?p=1591"},"modified":"2016-03-12T16:21:20","modified_gmt":"2016-03-12T20:21:20","slug":"ii-seminario-externo-do-gepiei-debate-as-especificidades-pedagogicas-para-crianca-pequena","status":"publish","type":"post","link":"https:\/\/ppgecpan.ufms.br\/en\/ii-seminario-externo-do-gepiei-debate-as-especificidades-pedagogicas-para-crianca-pequena\/","title":{"rendered":"II Semin\u00e1rio Externo do GEPIEI debate as especificidades pedag\u00f3gicas para a crian\u00e7a pequena"},"content":{"rendered":"<p>Acontecer\u00e1 no dia<strong>\u00a0<\/strong><strong>31 de outubro<\/strong>, a partir das\u00a0<strong>18h30min<\/strong>, na\u00a0<strong>Sala 108, do Bloco H<\/strong>, da Unidade I, no\u00a0<strong>C\u00e2mpus do Pantanal, da UFMS<\/strong>, o\u00a0<strong>II Semin\u00e1rio Externo do GEPIEI \u2013\u00a0 Grupo de Estudo e Pesquisa em Inf\u00e2ncia e Educa\u00e7\u00e3o Infantil,<\/strong><strong>\u00a0<\/strong>cujo tema ser\u00e1\u00a0<strong>\u201cCrian\u00e7a pequena: especificidades da a\u00e7\u00e3o pedag\u00f3gica\u201d<\/strong>. O evento \u00e9 aberto para alunos da gradua\u00e7\u00e3o, p\u00f3s-gradua\u00e7\u00e3o da UFMS, e tamb\u00e9m de outras institui\u00e7\u00f5es educacionais e profissionais da \u00e1rea da educa\u00e7\u00e3o. O GEPIEI \u00e9 coordenado pela professora Dr.\u00aa Anamaria Santana da Silva e pela prof. Me. Silvia Adriana Rodrigues, do curso de Pedagogia do CPAN\/UFMS.<\/p>\n<p><strong>HIST\u00d3RICO \u2013<\/strong>\u00a0O Grupo de Estudo e Pesquisa em Inf\u00e2ncia e Educa\u00e7\u00e3o Infantil (GEPIEI), coordenado pelas professoras foi criado em 2009, na Universidade Federal de Mato Grosso do Sul, C\u00e2mpus do Pantanal, com o objetivo de promover estudos e debates sobre Inf\u00e2ncia e Educa\u00e7\u00e3o Infantil. O grupo, composto por professoras do DED, alunas do curso de mestrado em educa\u00e7\u00e3o; bolsistas de inicia\u00e7\u00e3o cient\u00edfica, bolsistas do programa Bolsa Perman\u00eancia e professores do sistema de ensino municipal e estadual interessados em estudar as tem\u00e1ticas afins, tamb\u00e9m se prop\u00f5e ser um espa\u00e7o de pesquisas.<\/p>\n<p>Re\u00fane-se, quinzenalmente, para realiza\u00e7\u00e3o de discuss\u00f5es te\u00f3ricas, apresenta\u00e7\u00e3o de trabalhos de pesquisa e elabora\u00e7\u00e3o de atividades diversas (extens\u00e3o, etc.), tendo seu laborat\u00f3rio localizado na sala 2 do Bloco D. \u00c9 iniciativa do Grupo a Brinquedoteca do CPAN\/UFMS, para filhos de servidores t\u00e9cnicos e docentes.<\/p>\n<p>&nbsp;<\/p>\n","protected":false},"excerpt":{"rendered":"<p>Acontecer\u00e1 no dia\u00a031 de outubro, a partir das\u00a018h30min, na\u00a0Sala 108, do Bloco H, da Unidade I, no\u00a0C\u00e2mpus do Pantanal, da UFMS, o\u00a0II Semin\u00e1rio Externo do GEPIEI \u2013\u00a0 Grupo de Estudo e Pesquisa em Inf\u00e2ncia e Educa\u00e7\u00e3o Infantil,\u00a0cujo tema ser\u00e1\u00a0\u201cCrian\u00e7a pequena: especificidades da a\u00e7\u00e3o pedag\u00f3gica\u201d. O evento \u00e9 aberto para alunos da gradua\u00e7\u00e3o, p\u00f3s-gradua\u00e7\u00e3o da UFMS, [&hellip;]<\/p>\n","protected":false},"author":2660,"featured_media":1587,"comment_status":"closed","ping_status":"open","sticky":false,"template":"","format":"standard","meta":{"footnotes":""},"categories":[10,38],"tags":[],"coauthors":[],"class_list":["post-1591","post","type-post","status-publish","format-standard","has-post-thumbnail","hentry","category-eventos","category-eventos-internos"],"_links":{"self":[{"href":"https:\/\/ppgecpan.ufms.br\/en\/wp-json\/wp\/v2\/posts\/1591","targetHints":{"allow":["GET"]}}],"collection":[{"href":"https:\/\/ppgecpan.ufms.br\/en\/wp-json\/wp\/v2\/posts"}],"about":[{"href":"https:\/\/ppgecpan.ufms.br\/en\/wp-json\/wp\/v2\/types\/post"}],"author":[{"embeddable":true,"href":"https:\/\/ppgecpan.ufms.br\/en\/wp-json\/wp\/v2\/users\/2660"}],"replies":[{"embeddable":true,"href":"https:\/\/ppgecpan.ufms.br\/en\/wp-json\/wp\/v2\/comments?post=1591"}],"version-history":[{"count":1,"href":"https:\/\/ppgecpan.ufms.br\/en\/wp-json\/wp\/v2\/posts\/1591\/revisions"}],"predecessor-version":[{"id":1592,"href":"https:\/\/ppgecpan.ufms.br\/en\/wp-json\/wp\/v2\/posts\/1591\/revisions\/1592"}],"wp:featuredmedia":[{"embeddable":true,"href":"https:\/\/ppgecpan.ufms.br\/en\/wp-json\/wp\/v2\/media\/1587"}],"wp:attachment":[{"href":"https:\/\/ppgecpan.ufms.br\/en\/wp-json\/wp\/v2\/media?parent=1591"}],"wp:term":[{"taxonomy":"category","embeddable":true,"href":"https:\/\/ppgecpan.ufms.br\/en\/wp-json\/wp\/v2\/categories?post=1591"},{"taxonomy":"post_tag","embeddable":true,"href":"https:\/\/ppgecpan.ufms.br\/en\/wp-json\/wp\/v2\/tags?post=1591"},{"taxonomy":"author","embeddable":true,"href":"https:\/\/ppgecpan.ufms.br\/en\/wp-json\/wp\/v2\/coauthors?post=1591"}],"curies":[{"name":"wp","href":"https:\/\/api.w.org\/{rel}","templated":true}]}}