{"id":160,"date":"2012-02-09T19:56:23","date_gmt":"2012-02-09T19:56:23","guid":{"rendered":"http:\/\/ppgecpan.draconis.ufms.br\/?p=160"},"modified":"2012-02-27T14:31:43","modified_gmt":"2012-02-27T14:31:43","slug":"chamada-para-publicacao","status":"publish","type":"post","link":"https:\/\/ppgecpan.ufms.br\/en\/chamada-para-publicacao\/","title":{"rendered":"Chamada para publica\u00e7\u00e3o"},"content":{"rendered":"<p>A Revista Profiss\u00e3o Docente do Programa de P\u00f3s-Gradua\u00e7\u00e3o em Educa\u00e7\u00e3o da Universidade de Uberaba convida para participar do dossi\u00ea sobre leitura a ser publicado no segundo semestre de 2012.<\/p>\n<p>O prazo para envio de trabalhos \u00e9 at\u00e9 dia 30\/03 e, ap\u00f3s a submiss\u00e3o eletr\u00f4nica na p\u00e1gina da revista, o trabalho dever\u00e1 ser enviado tamb\u00e9m para o email\u00a0<a target=\"_blank\">amebortolanza@uol.com.br<\/a>.<\/p>\n<p>Professora Ana Maria Esteves Bortolanza<br \/>\nUniversidade de Uberaba (UNIUBE), MG<br \/>\nCurso de Mestrado em Educa\u00e7\u00e3o<br \/>\nTel.: (34)33198811<br \/>\nCel.: (34)98019978<\/p>\n","protected":false},"excerpt":{"rendered":"<p>A Revista Profiss\u00e3o Docente do Programa de P\u00f3s-Gradua\u00e7\u00e3o em Educa\u00e7\u00e3o da Universidade de Uberaba convida para participar do dossi\u00ea sobre leitura a ser publicado no segundo semestre de 2012. O prazo para envio de trabalhos \u00e9 at\u00e9 dia 30\/03 e, ap\u00f3s a submiss\u00e3o eletr\u00f4nica na p\u00e1gina da revista, o trabalho dever\u00e1 ser enviado tamb\u00e9m para [&hellip;]<\/p>\n","protected":false},"author":7,"featured_media":0,"comment_status":"closed","ping_status":"open","sticky":false,"template":"","format":"standard","meta":{"footnotes":""},"categories":[1],"tags":[],"coauthors":[],"class_list":["post-160","post","type-post","status-publish","format-standard","hentry","category-noticias"],"_links":{"self":[{"href":"https:\/\/ppgecpan.ufms.br\/en\/wp-json\/wp\/v2\/posts\/160","targetHints":{"allow":["GET"]}}],"collection":[{"href":"https:\/\/ppgecpan.ufms.br\/en\/wp-json\/wp\/v2\/posts"}],"about":[{"href":"https:\/\/ppgecpan.ufms.br\/en\/wp-json\/wp\/v2\/types\/post"}],"author":[{"embeddable":true,"href":"https:\/\/ppgecpan.ufms.br\/en\/wp-json\/wp\/v2\/users\/7"}],"replies":[{"embeddable":true,"href":"https:\/\/ppgecpan.ufms.br\/en\/wp-json\/wp\/v2\/comments?post=160"}],"version-history":[{"count":2,"href":"https:\/\/ppgecpan.ufms.br\/en\/wp-json\/wp\/v2\/posts\/160\/revisions"}],"predecessor-version":[{"id":183,"href":"https:\/\/ppgecpan.ufms.br\/en\/wp-json\/wp\/v2\/posts\/160\/revisions\/183"}],"wp:attachment":[{"href":"https:\/\/ppgecpan.ufms.br\/en\/wp-json\/wp\/v2\/media?parent=160"}],"wp:term":[{"taxonomy":"category","embeddable":true,"href":"https:\/\/ppgecpan.ufms.br\/en\/wp-json\/wp\/v2\/categories?post=160"},{"taxonomy":"post_tag","embeddable":true,"href":"https:\/\/ppgecpan.ufms.br\/en\/wp-json\/wp\/v2\/tags?post=160"},{"taxonomy":"author","embeddable":true,"href":"https:\/\/ppgecpan.ufms.br\/en\/wp-json\/wp\/v2\/coauthors?post=160"}],"curies":[{"name":"wp","href":"https:\/\/api.w.org\/{rel}","templated":true}]}}