{"id":1617,"date":"2015-08-27T17:01:32","date_gmt":"2015-08-27T21:01:32","guid":{"rendered":"http:\/\/ppgecpan.draconis.ufms.br\/?p=1617"},"modified":"2016-03-13T17:03:59","modified_gmt":"2016-03-13T21:03:59","slug":"o-ppgecpan-convida-a-comunidade-academica-para-palestra-com-professor-da-pucsp","status":"publish","type":"post","link":"https:\/\/ppgecpan.ufms.br\/en\/o-ppgecpan-convida-a-comunidade-academica-para-palestra-com-professor-da-pucsp\/","title":{"rendered":"O PPGE\/CPAN convida a comunidade acad\u00eamica para palestra com professor da PUC\/SP"},"content":{"rendered":"<div>O Programa de P\u00f3s-gradua\u00e7\u00e3o em Educa\u00e7\u00e3o do CPAN\/UFMS convida a comunidade acad\u00eamica para debater em seu <strong>Semin\u00e1rio Permanente<\/strong>, no dia <strong>31 de agosto<\/strong>, segunda-feira, <strong>\u00e0s 19h30min<\/strong>, no Audit\u00f3rio da Unidade III (Porto Geral), <strong>\u201cA dimens\u00e3o subjetiva da realidade e sua interface com a educa\u00e7\u00e3o social\u201d<\/strong>.<\/div>\n<div><\/div>\n<div>Esta palestra ser\u00e1 proferida pelo professor doutor Odair Furtado, membro do Programa de Estudos P\u00f3s-graduados em Psicologia Social, da Pontif\u00edcia Universidade Cat\u00f3lica de S\u00e3o Paulo \u2013 PUC\/SP.<\/div>\n<div><\/div>\n<div>O evento \u00e9 gratuito e aberto ao p\u00fablico em geral.<\/div>\n","protected":false},"excerpt":{"rendered":"<p>O Programa de P\u00f3s-gradua\u00e7\u00e3o em Educa\u00e7\u00e3o do CPAN\/UFMS convida a comunidade acad\u00eamica para debater em seu Semin\u00e1rio Permanente, no dia 31 de agosto, segunda-feira, \u00e0s 19h30min, no Audit\u00f3rio da Unidade III (Porto Geral), \u201cA dimens\u00e3o subjetiva da realidade e sua interface com a educa\u00e7\u00e3o social\u201d. Esta palestra ser\u00e1 proferida pelo professor doutor Odair Furtado, membro [&hellip;]<\/p>\n","protected":false},"author":2660,"featured_media":1618,"comment_status":"closed","ping_status":"open","sticky":false,"template":"","format":"standard","meta":{"footnotes":""},"categories":[10,38,1],"tags":[],"coauthors":[],"class_list":["post-1617","post","type-post","status-publish","format-standard","has-post-thumbnail","hentry","category-eventos","category-eventos-internos","category-noticias"],"_links":{"self":[{"href":"https:\/\/ppgecpan.ufms.br\/en\/wp-json\/wp\/v2\/posts\/1617","targetHints":{"allow":["GET"]}}],"collection":[{"href":"https:\/\/ppgecpan.ufms.br\/en\/wp-json\/wp\/v2\/posts"}],"about":[{"href":"https:\/\/ppgecpan.ufms.br\/en\/wp-json\/wp\/v2\/types\/post"}],"author":[{"embeddable":true,"href":"https:\/\/ppgecpan.ufms.br\/en\/wp-json\/wp\/v2\/users\/2660"}],"replies":[{"embeddable":true,"href":"https:\/\/ppgecpan.ufms.br\/en\/wp-json\/wp\/v2\/comments?post=1617"}],"version-history":[{"count":1,"href":"https:\/\/ppgecpan.ufms.br\/en\/wp-json\/wp\/v2\/posts\/1617\/revisions"}],"predecessor-version":[{"id":1619,"href":"https:\/\/ppgecpan.ufms.br\/en\/wp-json\/wp\/v2\/posts\/1617\/revisions\/1619"}],"wp:featuredmedia":[{"embeddable":true,"href":"https:\/\/ppgecpan.ufms.br\/en\/wp-json\/wp\/v2\/media\/1618"}],"wp:attachment":[{"href":"https:\/\/ppgecpan.ufms.br\/en\/wp-json\/wp\/v2\/media?parent=1617"}],"wp:term":[{"taxonomy":"category","embeddable":true,"href":"https:\/\/ppgecpan.ufms.br\/en\/wp-json\/wp\/v2\/categories?post=1617"},{"taxonomy":"post_tag","embeddable":true,"href":"https:\/\/ppgecpan.ufms.br\/en\/wp-json\/wp\/v2\/tags?post=1617"},{"taxonomy":"author","embeddable":true,"href":"https:\/\/ppgecpan.ufms.br\/en\/wp-json\/wp\/v2\/coauthors?post=1617"}],"curies":[{"name":"wp","href":"https:\/\/api.w.org\/{rel}","templated":true}]}}