{"id":164,"date":"2012-02-15T12:58:27","date_gmt":"2012-02-15T12:58:27","guid":{"rendered":"http:\/\/ppgecpan.draconis.ufms.br\/?p=164"},"modified":"2020-07-06T10:22:06","modified_gmt":"2020-07-06T14:22:06","slug":"matriculas-e-programacao-2012","status":"publish","type":"post","link":"https:\/\/ppgecpan.ufms.br\/en\/matriculas-e-programacao-2012\/","title":{"rendered":"Matr\u00edculas e Programa\u00e7\u00e3o 2012"},"content":{"rendered":"<p><strong>27, 28, 29\/02 &#8211; <\/strong>Matr\u00edcula dos alunos ingressantes e dos alunos veteranos do Programa.<\/p>\n<p><strong>27, 28, 29\/02-<\/strong> Requerimento de matr\u00edcula na modalidade de aluno especial<\/p>\n<p><strong>02\/03<\/strong> &#8211; Divulga\u00e7\u00e3o dos Alunos Selecionados para ingresso no 1\u00ba Semestre Letivo na Modalidade Aluno Especial \u2013<\/p>\n<p><strong>05\/03<\/strong>\u2013 Matr\u00edcula de aluno na Modalidade Aluno Especial<\/p>\n<p><strong>06\/03 \u2013 <\/strong>In\u00edcio das aulas<\/p>\n<p><a href=\"http:\/\/ppgecpan.draconis.ufms.br\/files\/2012\/02\/PDF.jpg\"><img decoding=\"async\" class=\"alignleft size-full wp-image-162\" src=\"http:\/\/ppgecpan.draconis.ufms.br\/files\/2012\/02\/PDF.jpg\" alt=\"\" width=\"48\" height=\"48\" \/><\/a>\u00a0<a href=\"http:\/\/ppgecpan.draconis.ufms.br\/files\/2012\/02\/Calend\u00e1rio-de-atividades-de-2012.pdf\">Calend\u00e1rio de atividades de 2012<\/a><\/p>\n","protected":false},"excerpt":{"rendered":"<p>27, 28, 29\/02 &#8211; Matr\u00edcula dos alunos ingressantes e dos alunos veteranos do Programa. 27, 28, 29\/02- Requerimento de matr\u00edcula na modalidade de aluno especial 02\/03 &#8211; Divulga\u00e7\u00e3o dos Alunos Selecionados para ingresso no 1\u00ba Semestre Letivo na Modalidade Aluno Especial \u2013 05\/03\u2013 Matr\u00edcula de aluno na Modalidade Aluno Especial 06\/03 \u2013 In\u00edcio das aulas [&hellip;]<\/p>\n","protected":false},"author":7,"featured_media":0,"comment_status":"closed","ping_status":"open","sticky":false,"template":"","format":"standard","meta":{"footnotes":""},"categories":[12],"tags":[],"coauthors":[],"class_list":["post-164","post","type-post","status-publish","format-standard","hentry","category-grade-horaria"],"_links":{"self":[{"href":"https:\/\/ppgecpan.ufms.br\/en\/wp-json\/wp\/v2\/posts\/164","targetHints":{"allow":["GET"]}}],"collection":[{"href":"https:\/\/ppgecpan.ufms.br\/en\/wp-json\/wp\/v2\/posts"}],"about":[{"href":"https:\/\/ppgecpan.ufms.br\/en\/wp-json\/wp\/v2\/types\/post"}],"author":[{"embeddable":true,"href":"https:\/\/ppgecpan.ufms.br\/en\/wp-json\/wp\/v2\/users\/7"}],"replies":[{"embeddable":true,"href":"https:\/\/ppgecpan.ufms.br\/en\/wp-json\/wp\/v2\/comments?post=164"}],"version-history":[{"count":9,"href":"https:\/\/ppgecpan.ufms.br\/en\/wp-json\/wp\/v2\/posts\/164\/revisions"}],"predecessor-version":[{"id":172,"href":"https:\/\/ppgecpan.ufms.br\/en\/wp-json\/wp\/v2\/posts\/164\/revisions\/172"}],"wp:attachment":[{"href":"https:\/\/ppgecpan.ufms.br\/en\/wp-json\/wp\/v2\/media?parent=164"}],"wp:term":[{"taxonomy":"category","embeddable":true,"href":"https:\/\/ppgecpan.ufms.br\/en\/wp-json\/wp\/v2\/categories?post=164"},{"taxonomy":"post_tag","embeddable":true,"href":"https:\/\/ppgecpan.ufms.br\/en\/wp-json\/wp\/v2\/tags?post=164"},{"taxonomy":"author","embeddable":true,"href":"https:\/\/ppgecpan.ufms.br\/en\/wp-json\/wp\/v2\/coauthors?post=164"}],"curies":[{"name":"wp","href":"https:\/\/api.w.org\/{rel}","templated":true}]}}