{"id":1647,"date":"2011-05-09T20:00:11","date_gmt":"2011-05-10T00:00:11","guid":{"rendered":"http:\/\/ppgecpan.draconis.ufms.br\/?p=1647"},"modified":"2016-03-13T20:04:55","modified_gmt":"2016-03-14T00:04:55","slug":"iv-encontro-de-politicas-e-praticas-de-formacao-de-professores-i-congresso-de-educacao-do-cpan","status":"publish","type":"post","link":"https:\/\/ppgecpan.ufms.br\/en\/iv-encontro-de-politicas-e-praticas-de-formacao-de-professores-i-congresso-de-educacao-do-cpan\/","title":{"rendered":"IV Encontro de Pol\u00edticas e Pr\u00e1ticas de Forma\u00e7\u00e3o de Professores &#8211; I Congresso de Educa\u00e7\u00e3o do CPAN"},"content":{"rendered":"<p>O campus do Pantanal, da Funda\u00e7\u00e3o Universidade Federal de Mato Grosso do Sul (UFMS), sedia entre os dias 20 e 23 de junho o IV Encontro de Pol\u00edticas e Pr\u00e1ticas de Forma\u00e7\u00e3o de Professores e o I Congresso de Educa\u00e7\u00e3o do Pantanal.<\/p>\n<div>O IV Encontro de Pol\u00edticas e Pr\u00e1ticas de Forma\u00e7\u00e3o de Professores \u00e9 uma iniciativa conjunta dos Programas de P\u00f3s-Gradua\u00e7\u00e3o em Educa\u00e7\u00e3o da UFMS (Cidade Universit\u00e1ria e CPAN), Universidade Cat\u00f3lica Dom Bosco (UCDB), Universidade Federal da Grande Dourados (UFGD) e da Associa\u00e7\u00e3o Nacional para a Forma\u00e7\u00e3o de Professores (Anfope).<\/div>\n<div><\/div>\n<div>Pela primeira vez, o encontro acontece junto com o I Congresso de Educa\u00e7\u00e3o do CPAN. Direcionado para discentes de cursos de gradua\u00e7\u00e3o e p\u00f3s-gradua\u00e7\u00e3o, o congresso vai oferecer palestras, oficinas, mesas-redondas, debates de filme, al\u00e9m de apresenta\u00e7\u00e3o de trabalhos cient\u00edficos.<\/div>\n<div>A programa\u00e7\u00e3o completa e outras informa\u00e7\u00f5es podem ser encontradas no endere\u00e7o: <a href=\"http:\/\/www.cpan.ufms.br\/congressoeducacao\/\" target=\"_blank\">http:\/\/www.cpan.ufms.br\/congressoeducacao\/<\/a><\/div>\n","protected":false},"excerpt":{"rendered":"<p>O campus do Pantanal, da Funda\u00e7\u00e3o Universidade Federal de Mato Grosso do Sul (UFMS), sedia entre os dias 20 e 23 de junho o IV Encontro de Pol\u00edticas e Pr\u00e1ticas de Forma\u00e7\u00e3o de Professores e o I Congresso de Educa\u00e7\u00e3o do Pantanal. O IV Encontro de Pol\u00edticas e Pr\u00e1ticas de Forma\u00e7\u00e3o de Professores \u00e9 uma [&hellip;]<\/p>\n","protected":false},"author":2660,"featured_media":1648,"comment_status":"closed","ping_status":"open","sticky":false,"template":"","format":"standard","meta":{"footnotes":""},"categories":[10,38],"tags":[],"coauthors":[],"class_list":["post-1647","post","type-post","status-publish","format-standard","has-post-thumbnail","hentry","category-eventos","category-eventos-internos"],"_links":{"self":[{"href":"https:\/\/ppgecpan.ufms.br\/en\/wp-json\/wp\/v2\/posts\/1647","targetHints":{"allow":["GET"]}}],"collection":[{"href":"https:\/\/ppgecpan.ufms.br\/en\/wp-json\/wp\/v2\/posts"}],"about":[{"href":"https:\/\/ppgecpan.ufms.br\/en\/wp-json\/wp\/v2\/types\/post"}],"author":[{"embeddable":true,"href":"https:\/\/ppgecpan.ufms.br\/en\/wp-json\/wp\/v2\/users\/2660"}],"replies":[{"embeddable":true,"href":"https:\/\/ppgecpan.ufms.br\/en\/wp-json\/wp\/v2\/comments?post=1647"}],"version-history":[{"count":1,"href":"https:\/\/ppgecpan.ufms.br\/en\/wp-json\/wp\/v2\/posts\/1647\/revisions"}],"predecessor-version":[{"id":1649,"href":"https:\/\/ppgecpan.ufms.br\/en\/wp-json\/wp\/v2\/posts\/1647\/revisions\/1649"}],"wp:featuredmedia":[{"embeddable":true,"href":"https:\/\/ppgecpan.ufms.br\/en\/wp-json\/wp\/v2\/media\/1648"}],"wp:attachment":[{"href":"https:\/\/ppgecpan.ufms.br\/en\/wp-json\/wp\/v2\/media?parent=1647"}],"wp:term":[{"taxonomy":"category","embeddable":true,"href":"https:\/\/ppgecpan.ufms.br\/en\/wp-json\/wp\/v2\/categories?post=1647"},{"taxonomy":"post_tag","embeddable":true,"href":"https:\/\/ppgecpan.ufms.br\/en\/wp-json\/wp\/v2\/tags?post=1647"},{"taxonomy":"author","embeddable":true,"href":"https:\/\/ppgecpan.ufms.br\/en\/wp-json\/wp\/v2\/coauthors?post=1647"}],"curies":[{"name":"wp","href":"https:\/\/api.w.org\/{rel}","templated":true}]}}