{"id":1654,"date":"2015-08-10T20:30:29","date_gmt":"2015-08-11T00:30:29","guid":{"rendered":"http:\/\/ppgecpan.draconis.ufms.br\/?p=1654"},"modified":"2016-03-15T14:12:37","modified_gmt":"2016-03-15T18:12:37","slug":"37a-reuniao-nacional-da-anped","status":"publish","type":"post","link":"https:\/\/ppgecpan.ufms.br\/en\/37a-reuniao-nacional-da-anped\/","title":{"rendered":"37\u00aa Reuni\u00e3o Nacional da ANPEd"},"content":{"rendered":"<p><strong>37\u00aa Reuni\u00e3o Nacional da\u00a0ANPEd<\/strong><\/p>\n<p>A 37\u00aa Reuni\u00e3o Nacional da Associa\u00e7\u00e3o Nacional de P\u00f3s-Gradua\u00e7\u00e3o e Pesquisa em\u00a0Educa\u00e7\u00e3o ir\u00e1 realizar-se entre os dias\u00a0<strong>04 e 08 de outubro de 2015<\/strong>, na Universidade Federal de Santa Catarina \u2013 UFSC, Campus Florian\u00f3polis, e ter\u00e1 como tema\u00a0<strong>Plano Nacional de Educa\u00e7\u00e3o: tens\u00f5es e perspectivas para a educa\u00e7\u00e3o p\u00fablica brasileira<\/strong><strong>.<\/strong><strong>\u00a0<\/strong>Al\u00e9m de pautar atividades do encontro, como a confer\u00eancia de abertura e sess\u00f5es especiais, o assunto evidencia a urg\u00eancia de se aprofundar a discuss\u00e3o sobre a aprova\u00e7\u00e3o do PNE (2014-2024).\u00a0<strong>A confer\u00eancia de abertura ser\u00e1 proferida pelo Prof. Dr. Luiz Fernandes Dourado (UFG)<\/strong> que, atualmente, comp\u00f5e a C\u00e2mara de Educa\u00e7\u00e3o Superior do Conselho Nacional de Educa\u00e7\u00e3o.<\/p>\n<p>A realiza\u00e7\u00e3o do evento no\u00a0<strong>sul do pa\u00eds<\/strong>\u00a0demonstra a preocupa\u00e7\u00e3o com a continuidade da descentraliza\u00e7\u00e3o das Reuni\u00f5es empreendida nos \u00faltimos anos: Natal (RN), em 2011, Porto de Galinhas (PE), em 2012, e Goi\u00e2nia (GO), em 2013.<\/p>\n<p>A\u00a0\u00e9 de que a 37\u00aa Reuni\u00e3o Nacional contribua ainda mais para a consolida\u00e7\u00e3o da nossa Associa\u00e7\u00e3o na comunidade cient\u00edfica nacional e internacional e sua efetiva atua\u00e7\u00e3o a favor da afirma\u00e7\u00e3o da pesquisa e da p\u00f3s-gradua\u00e7\u00e3o em educa\u00e7\u00e3o no pa\u00eds e na Regi\u00e3o.<\/p>\n<p>Acesse a p\u00e1gina do evento:\u00a0<a href=\"http:\/\/37reuniao.anped.org.br\/\" target=\"_blank\">http:\/\/37reuniao.anped.org.br\/<\/a>.<\/p>\n","protected":false},"excerpt":{"rendered":"<p>37\u00aa Reuni\u00e3o Nacional da\u00a0ANPEd A 37\u00aa Reuni\u00e3o Nacional da Associa\u00e7\u00e3o Nacional de P\u00f3s-Gradua\u00e7\u00e3o e Pesquisa em\u00a0Educa\u00e7\u00e3o ir\u00e1 realizar-se entre os dias\u00a004 e 08 de outubro de 2015, na Universidade Federal de Santa Catarina \u2013 UFSC, Campus Florian\u00f3polis, e ter\u00e1 como tema\u00a0Plano Nacional de Educa\u00e7\u00e3o: tens\u00f5es e perspectivas para a educa\u00e7\u00e3o p\u00fablica brasileira.\u00a0Al\u00e9m de pautar atividades [&hellip;]<\/p>\n","protected":false},"author":2660,"featured_media":1694,"comment_status":"closed","ping_status":"open","sticky":false,"template":"","format":"standard","meta":{"footnotes":""},"categories":[10,39],"tags":[],"coauthors":[],"class_list":["post-1654","post","type-post","status-publish","format-standard","has-post-thumbnail","hentry","category-eventos","category-eventos-externos"],"_links":{"self":[{"href":"https:\/\/ppgecpan.ufms.br\/en\/wp-json\/wp\/v2\/posts\/1654","targetHints":{"allow":["GET"]}}],"collection":[{"href":"https:\/\/ppgecpan.ufms.br\/en\/wp-json\/wp\/v2\/posts"}],"about":[{"href":"https:\/\/ppgecpan.ufms.br\/en\/wp-json\/wp\/v2\/types\/post"}],"author":[{"embeddable":true,"href":"https:\/\/ppgecpan.ufms.br\/en\/wp-json\/wp\/v2\/users\/2660"}],"replies":[{"embeddable":true,"href":"https:\/\/ppgecpan.ufms.br\/en\/wp-json\/wp\/v2\/comments?post=1654"}],"version-history":[{"count":1,"href":"https:\/\/ppgecpan.ufms.br\/en\/wp-json\/wp\/v2\/posts\/1654\/revisions"}],"predecessor-version":[{"id":1656,"href":"https:\/\/ppgecpan.ufms.br\/en\/wp-json\/wp\/v2\/posts\/1654\/revisions\/1656"}],"wp:featuredmedia":[{"embeddable":true,"href":"https:\/\/ppgecpan.ufms.br\/en\/wp-json\/wp\/v2\/media\/1694"}],"wp:attachment":[{"href":"https:\/\/ppgecpan.ufms.br\/en\/wp-json\/wp\/v2\/media?parent=1654"}],"wp:term":[{"taxonomy":"category","embeddable":true,"href":"https:\/\/ppgecpan.ufms.br\/en\/wp-json\/wp\/v2\/categories?post=1654"},{"taxonomy":"post_tag","embeddable":true,"href":"https:\/\/ppgecpan.ufms.br\/en\/wp-json\/wp\/v2\/tags?post=1654"},{"taxonomy":"author","embeddable":true,"href":"https:\/\/ppgecpan.ufms.br\/en\/wp-json\/wp\/v2\/coauthors?post=1654"}],"curies":[{"name":"wp","href":"https:\/\/api.w.org\/{rel}","templated":true}]}}