{"id":1658,"date":"2014-08-19T07:03:21","date_gmt":"2014-08-19T11:03:21","guid":{"rendered":"http:\/\/ppgecpan.draconis.ufms.br\/?p=1658"},"modified":"2016-03-14T07:04:00","modified_gmt":"2016-03-14T11:04:00","slug":"encontros-de-leitura-sobre-genero-e-sexualidade","status":"publish","type":"post","link":"https:\/\/ppgecpan.ufms.br\/en\/encontros-de-leitura-sobre-genero-e-sexualidade\/","title":{"rendered":"Encontros de Leitura sobre G\u00eanero e Sexualidade"},"content":{"rendered":"<p>Encontros de <strong>Leitura sobre G\u00eanero e Sexualidade<\/strong>acontecer\u00e3o aos s\u00e1bados, sempre das 14h \u00e0s 17h, na Unidade III do CPAN\/UFMS, Porto Geral, a partir do m\u00eas de Agosto.<span id=\"more-7485\"><\/span><br \/>\nProfessores, acad\u00eamicos e outras pessoas interessadas na tem\u00e1tica poder\u00e3o participar.<\/p>\n<p>A primeira Leitura acontecer\u00e1 no pr\u00f3ximo s\u00e1bado,<strong> dia 23\/08, das 14h \u00e0s 17h <\/strong>e o tema ser\u00e1 <strong>\u201cG\u00eanero, sexualidade e normas contempor\u00e2neas: contextualizando o debate\u201d<\/strong> O texto para Leitura \u00e9 o <strong>\u201cHeteronormatividade e Homofobia\u201d, de Guacira Lopes Louro. <\/strong>Dispon\u00edvel em:\u00a0<a href=\"http:\/\/unesdoc.unesco.org\/images\/0018\/001871\/187191por.pdf\" target=\"_blank\">http:\/\/unesdoc.unesco.org\/images\/0018\/001871\/187191por.pdf<\/a><\/p>\n<p>O evento est\u00e1 sob a responsabilidade do professor Doutor em Ci\u00eancias Sociais Tiago Duque, do Programa de P\u00f3s-Gradua\u00e7\u00e3o em Educa\u00e7\u00e3o do CPAN\/UFMS, da Professora e Psic\u00f3loga Especialista Fabiana Lopes Freire e da acad\u00eamica do curso de Psicologia Daniela Pe\u00f1o Paiva.<\/p>\n<p>CONFIRA A PROGRAMA\u00c7\u00c3O COMPLETA CLICANDO NO LINK ABAIXO.<\/p>\n<p><a href=\"http:\/\/ppgecpan.draconis.ufms.br\/files\/2016\/03\/Convite-Grupo-de-Leitura-Sobre-G\u00eanero-e-Sexualidade-UFMS-CPAN.pdf\" target=\"_blank\">Encontros de Leitura sobre G\u00eanero e Sexualidade CPAN\/UFMS<\/a><\/p>\n<p>Para <strong>mais informa\u00e7\u00f5es<\/strong> os organizadores disponibilizaram seus e-mails de contato:<br \/>\nTiago Duque: tiago.duque@ufms.br<br \/>\nFabiana Lopes Freira: fabianalopesfreire9@bol.com.br<br \/>\nDaniela Pe\u00f1o Paiva: rizoma.psi@gmail.com<\/p>\n","protected":false},"excerpt":{"rendered":"<p>Encontros de Leitura sobre G\u00eanero e Sexualidadeacontecer\u00e3o aos s\u00e1bados, sempre das 14h \u00e0s 17h, na Unidade III do CPAN\/UFMS, Porto Geral, a partir do m\u00eas de Agosto. Professores, acad\u00eamicos e outras pessoas interessadas na tem\u00e1tica poder\u00e3o participar. A primeira Leitura acontecer\u00e1 no pr\u00f3ximo s\u00e1bado, dia 23\/08, das 14h \u00e0s 17h e o tema ser\u00e1 \u201cG\u00eanero, [&hellip;]<\/p>\n","protected":false},"author":2660,"featured_media":1660,"comment_status":"closed","ping_status":"open","sticky":false,"template":"","format":"standard","meta":{"footnotes":""},"categories":[10,38],"tags":[],"coauthors":[],"class_list":["post-1658","post","type-post","status-publish","format-standard","has-post-thumbnail","hentry","category-eventos","category-eventos-internos"],"_links":{"self":[{"href":"https:\/\/ppgecpan.ufms.br\/en\/wp-json\/wp\/v2\/posts\/1658","targetHints":{"allow":["GET"]}}],"collection":[{"href":"https:\/\/ppgecpan.ufms.br\/en\/wp-json\/wp\/v2\/posts"}],"about":[{"href":"https:\/\/ppgecpan.ufms.br\/en\/wp-json\/wp\/v2\/types\/post"}],"author":[{"embeddable":true,"href":"https:\/\/ppgecpan.ufms.br\/en\/wp-json\/wp\/v2\/users\/2660"}],"replies":[{"embeddable":true,"href":"https:\/\/ppgecpan.ufms.br\/en\/wp-json\/wp\/v2\/comments?post=1658"}],"version-history":[{"count":2,"href":"https:\/\/ppgecpan.ufms.br\/en\/wp-json\/wp\/v2\/posts\/1658\/revisions"}],"predecessor-version":[{"id":1662,"href":"https:\/\/ppgecpan.ufms.br\/en\/wp-json\/wp\/v2\/posts\/1658\/revisions\/1662"}],"wp:featuredmedia":[{"embeddable":true,"href":"https:\/\/ppgecpan.ufms.br\/en\/wp-json\/wp\/v2\/media\/1660"}],"wp:attachment":[{"href":"https:\/\/ppgecpan.ufms.br\/en\/wp-json\/wp\/v2\/media?parent=1658"}],"wp:term":[{"taxonomy":"category","embeddable":true,"href":"https:\/\/ppgecpan.ufms.br\/en\/wp-json\/wp\/v2\/categories?post=1658"},{"taxonomy":"post_tag","embeddable":true,"href":"https:\/\/ppgecpan.ufms.br\/en\/wp-json\/wp\/v2\/tags?post=1658"},{"taxonomy":"author","embeddable":true,"href":"https:\/\/ppgecpan.ufms.br\/en\/wp-json\/wp\/v2\/coauthors?post=1658"}],"curies":[{"name":"wp","href":"https:\/\/api.w.org\/{rel}","templated":true}]}}