{"id":1663,"date":"2016-03-14T13:59:21","date_gmt":"2016-03-14T17:59:21","guid":{"rendered":"http:\/\/ppgecpan.draconis.ufms.br\/?p=1663"},"modified":"2016-03-17T16:37:21","modified_gmt":"2016-03-17T20:37:21","slug":"capesobeduc-evento-iii-coloquio-internacional-vida-pensamento-e-obra-dos-principais-representantes-russos","status":"publish","type":"post","link":"https:\/\/ppgecpan.ufms.br\/en\/capesobeduc-evento-iii-coloquio-internacional-vida-pensamento-e-obra-dos-principais-representantes-russos\/","title":{"rendered":"CAPES\/OBEDUC &#8211; EVENTO &#8211; III Col\u00f3quio Internacional: vida, pensamento e obra dos principais representantes russos"},"content":{"rendered":"<p><a href=\"http:\/\/ppgecpan.draconis.ufms.br\/files\/2016\/03\/image001.png\"><img decoding=\"async\" class=\"alignnone size-full wp-image-1666\" src=\"http:\/\/ppgecpan.draconis.ufms.br\/files\/2016\/03\/image001.png\" alt=\"image001\" width=\"140\" height=\"26\" \/><\/a><\/p>\n<p>O Gepedi Ufu&lt;<a href=\"https:\/\/www.facebook.com\/gepedi.ufu\" target=\"_blank\" rel=\"noreferrer\"><span style=\"color: #1155cc\">https:\/\/www.facebook.com\/<\/span>gepedi.ufu<\/a><span style=\"color: #222222\">&gt;, tem a honra de divulgar a\u00a0programa\u00e7\u00e3o da terceira edi\u00e7\u00e3o do Col\u00f3quio Internacional: vida, pensamento\u00a0e obra dos principais representantes russos, a realizar-se na Universidade\u00a0Federal de Uberl\u00e2ndia, no per\u00edodo de <strong>9 a 11 de maio de 2016<\/strong>.<\/span><\/p>\n<div class=\"gmail_quote\"><strong>Programa\u00e7\u00e3o<\/strong>:Data: <strong>09 de maio<\/strong> \/ Uberl\u00e2ndia<br \/>\n8h \u2013 Credenciamento<br \/>\n9h \u2013 Sess\u00e3o abertura10h \u2013 Palestra de Abertura: O sistema educacional na R\u00fassia:<br \/>\numa an\u00e1lise da situa\u00e7\u00e3o atual do ensino prim\u00e1rio.<br \/>\nConvidada: Profa. Dra. Liudmila Guseva (NMSTU \u2013 R\u00fassia)<br \/>\nCoordenador: Prof. Dr. Jose Carlos Lib\u00e2neo (PUC \u2013 Goi\u00e2nia)14h \u00e0s 18h \u2013 Mesa Redonda 1: \u201cEnsino desenvolvimental e<br \/>\nFilosofia: Pavel V. Kopnin, M. Bakhtin, E. V. Ili\u00e9nkov e F. Mikhailov\u201d.<br \/>\nConvidados: Prof. Dr. Pascual Vald\u00e9s Rodr\u00edguez (UCLV \u2013 Cuba)<br \/>\nProf. Dr. Alberto Mat\u00edas Gonz\u00e1lez (UNISS \u2013 Cuba)<br \/>\nProf. Dr. Orlando Fern\u00e1ndez Aquino (UNIUBE \u2013 Brasil)<br \/>\nProf. Dr. Woff-Michael Roth (Universidade de Vit\u00f3ria \u2013 Canad\u00e1)<br \/>\nProfa. Ms. Erika Germanos (UFU \u2013 Brasil)<br \/>\nProf. Dr. Dagoberto Buim Arena (UNESP \u2013 Marilia-Brasil)<br \/>\nProfa. Dra. Adriana Pastorello Buim Arena (UFU \u2013 Brasil)<br \/>\nCoordena\u00e7\u00e3o: Profa. Dra. Diva Silva (UFU)18h \u00e0s 19h \u2013 Lan\u00e7amento de livros e Coffe break<br \/>\n19h \u2013 Atividade CulturalData: <strong>10 de maio<\/strong> \/Uberl\u00e2ndia<br \/>\n9h \u00e0s 12h \u2013 Mesa Redonda 2: \u201cEnsino desenvolvimental e<br \/>\neduca\u00e7\u00e3o: V. V. Rubtsov, V. V. Repkin, e G. A. Zuckerman\u201d.<br \/>\nConvidados: Prof. Dr. Roberto Vald\u00e9s Puentes (UFU \u2013 Brasil)<br \/>\nProf. Ms. Joanna Paulina Jakuszko \u2013 (Park Idiomas School)<br \/>\nProfa. Dra. Andr\u00e9a Maturano Longarezi (UFU \u2013 Brasil)<br \/>\nProfa. Dra. Elaine Sampaio Ara\u00fajo (USP \u2013 Ribeir\u00e3o Preto)<br \/>\nProfa. Dra. Fabiana Fiorezi de Marco (UFU \u2013 Brasil)<br \/>\nProfa. Dra. D\u00e9bora Cristina Piotto (USP \u2013 S\u00e3o Paulo)<br \/>\nCoordena\u00e7\u00e3o: Prof. Dr. Orlando Fern\u00e1ndez Aquino (UNIUBE)<\/p>\n<p>14h \u00e0s 17h30 &#8211; Mesa Redonda 3: \u201cEnsino desenvolvimental e<br \/>\npsicologia: K. D. Ushinski, G. K. Sereda e G. S. Kostiuk\u201d.<br \/>\nConvidados: Profa. Dra. Liudmila Guseva (NMSTU \u2013 R\u00fassia)<br \/>\nProf. Dr. L. M. Sherstiuk (Kharkov \u2013 Ucr\u00e2nia)<br \/>\nProf. Dr. Ruben de Oliveira Nascimento (UFU \u2013 Brasil)<br \/>\nCoordena\u00e7\u00e3o: Prof. Dr. Hector J. G. Mendoza (UFRR)<\/p>\n<p>17h30 \u00e0s 18h30 \u2013 Lan\u00e7amentos de livros<br \/>\n19h &#8211; Palestra II \u2013 O sistema pedag\u00f3gico-psicol\u00f3gico de D. B.<br \/>\nElkonin-V. V. Davidov.<br \/>\nConvidada: Profa. Dra. Mariia Musiichuk (NMSTU &#8211; R\u00fassia)<br \/>\nCoordenador: Prof. Dr. Roberto Vald\u00e9s Puentes (UFU)<\/p>\n<p>Data: <strong>11 de maio<\/strong> \/ Uberl\u00e2ndia \/ Uberaba<br \/>\n9h \u00e0s 11h30 \u2013 Mesa Redonda 4: \u201cEnsino desenvolvimental e<br \/>\neduca\u00e7\u00e3o: \u201cL. F. Obukhova e A. Z. Zak\u201d.<br \/>\nConvidados: Profa. Dra. Maria Aparecida Melo (UFSCar &#8211; Brasil)<br \/>\nProf. Dr. Douglas Aparecido de Campos \u2013 (UFSCar &#8211; Brasil)<br \/>\nProfessora Dra. Mariia Musiichuk (NMSTU \u2013 R\u00fassia)<br \/>\nCoordena\u00e7\u00e3o: Profa. Dra. Andr\u00e9a Maturano Longarezi (UFU)<\/p>\n<p>11h30 \u2013 Encerramento das atividades em Uberl\u00e2ndia.<\/p>\n<p>Uberaba \u2013 14h \u00e0s 17h30 \u2013 Mesa-redonda 5: \u201cEnsino desenvolvimental<br \/>\ne psicologia: K. D. Ushinski, G. K. Sereda e G. S. Kostiuk\u201d.<br \/>\nConvidados: Profa. Dra. Liudmila Guseva (NMSTU \u2013 R\u00fassia)<br \/>\nProf. Dr. L. M. Sherstiuk (Kharkov \u2013 Ucr\u00e2nia)<br \/>\nProf. Dr. Ruben de Oliveira Nascimento (UFU \u2013 Brasil)<br \/>\nCoordena\u00e7\u00e3o: Prof. Dr. Orlando Fern\u00e1ndez Aquino (UNIUBE)<br \/>\nLocal: Anfiteatro D56 Campus Aeroporto \u2013 Universidade de Uberaba.<br \/>\n17h30 \u2013 Encerramento das atividades em Uberaba.<\/p>\n<\/div>\n<div class=\"gmail_quote\"><\/div>\n<div class=\"gmail_quote\"><strong>FOLDER DO EVENTO &#8211; <a href=\"http:\/\/ppgecpan.draconis.ufms.br\/files\/2016\/03\/Folder_III_Coloquio_Internacional___2016-4.pdf\" target=\"_blank\">AQUI<\/a><\/strong><\/div>\n<div class=\"gmail_quote\"><\/div>\n<div class=\"gmail_quote\"><strong>CARTAZ DO EVENTO &#8211; <a href=\"http:\/\/ppgecpan.draconis.ufms.br\/files\/2016\/03\/Cartaz_III_Coloquio_Internacional_2016-4-1.pdf\" target=\"_blank\">AQUI<\/a><\/strong><\/div>\n","protected":false},"excerpt":{"rendered":"<p>O Gepedi Ufu&lt;https:\/\/www.facebook.com\/gepedi.ufu&gt;, tem a honra de divulgar a\u00a0programa\u00e7\u00e3o da terceira edi\u00e7\u00e3o do Col\u00f3quio Internacional: vida, pensamento\u00a0e obra dos principais representantes russos, a realizar-se na Universidade\u00a0Federal de Uberl\u00e2ndia, no per\u00edodo de 9 a 11 de maio de 2016. Programa\u00e7\u00e3o:Data: 09 de maio \/ Uberl\u00e2ndia 8h \u2013 Credenciamento 9h \u2013 Sess\u00e3o abertura10h \u2013 Palestra de Abertura: [&hellip;]<\/p>\n","protected":false},"author":2660,"featured_media":1667,"comment_status":"closed","ping_status":"open","sticky":false,"template":"","format":"standard","meta":{"footnotes":""},"categories":[10,39],"tags":[],"coauthors":[],"class_list":["post-1663","post","type-post","status-publish","format-standard","has-post-thumbnail","hentry","category-eventos","category-eventos-externos"],"_links":{"self":[{"href":"https:\/\/ppgecpan.ufms.br\/en\/wp-json\/wp\/v2\/posts\/1663","targetHints":{"allow":["GET"]}}],"collection":[{"href":"https:\/\/ppgecpan.ufms.br\/en\/wp-json\/wp\/v2\/posts"}],"about":[{"href":"https:\/\/ppgecpan.ufms.br\/en\/wp-json\/wp\/v2\/types\/post"}],"author":[{"embeddable":true,"href":"https:\/\/ppgecpan.ufms.br\/en\/wp-json\/wp\/v2\/users\/2660"}],"replies":[{"embeddable":true,"href":"https:\/\/ppgecpan.ufms.br\/en\/wp-json\/wp\/v2\/comments?post=1663"}],"version-history":[{"count":6,"href":"https:\/\/ppgecpan.ufms.br\/en\/wp-json\/wp\/v2\/posts\/1663\/revisions"}],"predecessor-version":[{"id":1709,"href":"https:\/\/ppgecpan.ufms.br\/en\/wp-json\/wp\/v2\/posts\/1663\/revisions\/1709"}],"wp:featuredmedia":[{"embeddable":true,"href":"https:\/\/ppgecpan.ufms.br\/en\/wp-json\/wp\/v2\/media\/1667"}],"wp:attachment":[{"href":"https:\/\/ppgecpan.ufms.br\/en\/wp-json\/wp\/v2\/media?parent=1663"}],"wp:term":[{"taxonomy":"category","embeddable":true,"href":"https:\/\/ppgecpan.ufms.br\/en\/wp-json\/wp\/v2\/categories?post=1663"},{"taxonomy":"post_tag","embeddable":true,"href":"https:\/\/ppgecpan.ufms.br\/en\/wp-json\/wp\/v2\/tags?post=1663"},{"taxonomy":"author","embeddable":true,"href":"https:\/\/ppgecpan.ufms.br\/en\/wp-json\/wp\/v2\/coauthors?post=1663"}],"curies":[{"name":"wp","href":"https:\/\/api.w.org\/{rel}","templated":true}]}}