{"id":167,"date":"2012-02-15T13:00:42","date_gmt":"2012-02-15T13:00:42","guid":{"rendered":"http:\/\/ppgecpan.draconis.ufms.br\/?p=167"},"modified":"2012-02-27T14:31:43","modified_gmt":"2012-02-27T14:31:43","slug":"horario-de-aulas-1-semestre-2012","status":"publish","type":"post","link":"https:\/\/ppgecpan.ufms.br\/en\/horario-de-aulas-1-semestre-2012\/","title":{"rendered":"Hor\u00e1rio de aulas 1\u00b0 semestre 2012"},"content":{"rendered":"<table width=\"669\" border=\"1\" cellspacing=\"0\" cellpadding=\"0\">\n<tbody>\n<tr bgcolor=\"eeeeee\">\n<td valign=\"top\" width=\"158\">Disciplina<\/td>\n<td valign=\"top\" width=\"85\">Tipo<\/td>\n<td valign=\"top\" width=\"66\">Turma<\/td>\n<td valign=\"top\" width=\"142\">Professores<\/td>\n<td valign=\"top\" width=\"84\">Dia<\/td>\n<td valign=\"top\" width=\"134\">Per\u00edodo<\/td>\n<\/tr>\n<tr>\n<td valign=\"top\" width=\"158\"><\/td>\n<td valign=\"top\" width=\"85\"><\/td>\n<td valign=\"top\" width=\"66\"><\/td>\n<td valign=\"top\" width=\"142\"><\/td>\n<td valign=\"top\" width=\"84\"><\/td>\n<td valign=\"top\" width=\"134\"><\/td>\n<\/tr>\n<tr bgcolor=\"eeeeee\">\n<td valign=\"top\" width=\"158\">Fundamentos Hist\u00f3rico-Filos\u00f3ficos da Educa\u00e7\u00e3o<br \/>\n<strong>N\u00e3o aceita aluno Especial<\/strong><\/p>\n<p>&nbsp;<\/td>\n<td valign=\"top\" width=\"85\">Obrigat\u00f3ria<\/td>\n<td valign=\"top\" width=\"66\">2012<\/td>\n<td valign=\"top\" width=\"142\">Anamaria Santana da Silva\/Ana L\u00facia Esp\u00edndola<\/td>\n<td valign=\"top\" width=\"84\">Sexta<\/td>\n<td valign=\"top\" width=\"134\">Integral\/quinzenal<\/td>\n<\/tr>\n<tr>\n<td valign=\"top\" width=\"158\">Pesquisa em Educa\u00e7\u00e3o<br \/>\n<strong>N\u00ba alunos especiais: 03<\/strong><\/p>\n<p>&nbsp;<\/td>\n<td valign=\"top\" width=\"85\">Obrigat\u00f3ria<\/td>\n<td valign=\"top\" width=\"66\">2012<\/td>\n<td valign=\"top\" width=\"142\">Monica de C. M. Kassar\/Hajime T. Nozaki<\/td>\n<td valign=\"top\" width=\"84\">Sexta<\/td>\n<td valign=\"top\" width=\"134\">Integral\/quinzenal<\/td>\n<\/tr>\n<tr bgcolor=\"eeeeee\">\n<td valign=\"top\" width=\"158\">Forma\u00e7\u00e3o e Pr\u00e1ticas S\u00f3cio-pedag\u00f3gicas de Educadores Sociais<br \/>\n<strong>N\u00ba alunos especiais: 04<\/strong><\/p>\n<p>&nbsp;<\/td>\n<td valign=\"top\" width=\"85\">Optativa<\/td>\n<td valign=\"top\" width=\"66\">Todos<\/td>\n<td valign=\"top\" width=\"142\">Edelir Salom\u00e3o Garcia\/Dimair Souza Fran\u00e7a<\/td>\n<td valign=\"top\" width=\"84\">Ter\u00e7a-feira<\/td>\n<td valign=\"top\" width=\"134\">Vespertino\/ semanal<\/td>\n<\/tr>\n<tr>\n<td valign=\"top\" width=\"158\">Semin\u00e1rio de Pesquisa II<br \/>\n<strong>N\u00e3o aceita aluno Especial<\/strong><\/td>\n<td valign=\"top\" width=\"85\">Obrigat\u00f3ria<\/td>\n<td valign=\"top\" width=\"66\">2011<\/td>\n<td valign=\"top\" width=\"142\">M\u00f4nica de C. M. Kassar<\/td>\n<td valign=\"top\" width=\"84\">Quinta<\/td>\n<td valign=\"top\" width=\"134\">Matutino\/semanal<\/td>\n<\/tr>\n<\/tbody>\n<\/table>\n","protected":false},"excerpt":{"rendered":"<p>Disciplina Tipo Turma Professores Dia Per\u00edodo Fundamentos Hist\u00f3rico-Filos\u00f3ficos da Educa\u00e7\u00e3o N\u00e3o aceita aluno Especial &nbsp; Obrigat\u00f3ria 2012 Anamaria Santana da Silva\/Ana L\u00facia Esp\u00edndola Sexta Integral\/quinzenal Pesquisa em Educa\u00e7\u00e3o N\u00ba alunos especiais: 03 &nbsp; Obrigat\u00f3ria 2012 Monica de C. M. Kassar\/Hajime T. Nozaki Sexta Integral\/quinzenal Forma\u00e7\u00e3o e Pr\u00e1ticas S\u00f3cio-pedag\u00f3gicas de Educadores Sociais N\u00ba alunos especiais: 04 [&hellip;]<\/p>\n","protected":false},"author":7,"featured_media":0,"comment_status":"closed","ping_status":"open","sticky":false,"template":"","format":"standard","meta":{"footnotes":""},"categories":[12],"tags":[],"coauthors":[],"class_list":["post-167","post","type-post","status-publish","format-standard","hentry","category-grade-horaria"],"_links":{"self":[{"href":"https:\/\/ppgecpan.ufms.br\/en\/wp-json\/wp\/v2\/posts\/167","targetHints":{"allow":["GET"]}}],"collection":[{"href":"https:\/\/ppgecpan.ufms.br\/en\/wp-json\/wp\/v2\/posts"}],"about":[{"href":"https:\/\/ppgecpan.ufms.br\/en\/wp-json\/wp\/v2\/types\/post"}],"author":[{"embeddable":true,"href":"https:\/\/ppgecpan.ufms.br\/en\/wp-json\/wp\/v2\/users\/7"}],"replies":[{"embeddable":true,"href":"https:\/\/ppgecpan.ufms.br\/en\/wp-json\/wp\/v2\/comments?post=167"}],"version-history":[{"count":5,"href":"https:\/\/ppgecpan.ufms.br\/en\/wp-json\/wp\/v2\/posts\/167\/revisions"}],"predecessor-version":[{"id":181,"href":"https:\/\/ppgecpan.ufms.br\/en\/wp-json\/wp\/v2\/posts\/167\/revisions\/181"}],"wp:attachment":[{"href":"https:\/\/ppgecpan.ufms.br\/en\/wp-json\/wp\/v2\/media?parent=167"}],"wp:term":[{"taxonomy":"category","embeddable":true,"href":"https:\/\/ppgecpan.ufms.br\/en\/wp-json\/wp\/v2\/categories?post=167"},{"taxonomy":"post_tag","embeddable":true,"href":"https:\/\/ppgecpan.ufms.br\/en\/wp-json\/wp\/v2\/tags?post=167"},{"taxonomy":"author","embeddable":true,"href":"https:\/\/ppgecpan.ufms.br\/en\/wp-json\/wp\/v2\/coauthors?post=167"}],"curies":[{"name":"wp","href":"https:\/\/api.w.org\/{rel}","templated":true}]}}