{"id":1693,"date":"2016-03-15T14:08:57","date_gmt":"2016-03-15T18:08:57","guid":{"rendered":"http:\/\/ppgecpan.draconis.ufms.br\/?p=1693"},"modified":"2016-03-29T08:44:23","modified_gmt":"2016-03-29T12:44:23","slug":"anped-centro-oeste-2016-sera-realizada-em-novembro","status":"publish","type":"post","link":"https:\/\/ppgecpan.ufms.br\/en\/anped-centro-oeste-2016-sera-realizada-em-novembro\/","title":{"rendered":"Divulga\u00e7\u00e3o: ANPEd Centro-Oeste (2016) ocorrer\u00e1 em novembro na cidade de Bras\u00edlia-DF"},"content":{"rendered":"<p><span style=\"color: #000000\">Prezados colegas e alunos:<\/span><\/p>\n<p><span style=\"color: #000000\"><span style=\"color: #000000\">A\u00a0Reuni\u00e3o Regional da Anped Centro-Oeste ocorrer\u00e1 <\/span><span style=\"color: #000000\">no per\u00edodo de <strong>06\/11\/2016 a 09\/11\/2016<\/strong>, na Universidade de Bras\u00edlia (Bras\u00edlia-DF).<\/span><\/span><\/p>\n<p>&nbsp;<\/p>\n<p><a href=\"http:\/\/www.anped.org.br\/reunioes-cientificas\/regional\" target=\"_blank\">http:\/\/www.anped.org.br\/reunioes-cientificas\/regional<\/a><\/p>\n<p>&nbsp;<\/p>\n<p>&nbsp;<\/p>\n","protected":false},"excerpt":{"rendered":"<p>Prezados colegas e alunos: A\u00a0Reuni\u00e3o Regional da Anped Centro-Oeste ocorrer\u00e1 no per\u00edodo de 06\/11\/2016 a 09\/11\/2016, na Universidade de Bras\u00edlia (Bras\u00edlia-DF). &nbsp; http:\/\/www.anped.org.br\/reunioes-cientificas\/regional &nbsp; &nbsp;<\/p>\n","protected":false},"author":2660,"featured_media":1695,"comment_status":"closed","ping_status":"open","sticky":false,"template":"","format":"standard","meta":{"footnotes":""},"categories":[10,39,1],"tags":[],"coauthors":[],"class_list":["post-1693","post","type-post","status-publish","format-standard","has-post-thumbnail","hentry","category-eventos","category-eventos-externos","category-noticias"],"_links":{"self":[{"href":"https:\/\/ppgecpan.ufms.br\/en\/wp-json\/wp\/v2\/posts\/1693","targetHints":{"allow":["GET"]}}],"collection":[{"href":"https:\/\/ppgecpan.ufms.br\/en\/wp-json\/wp\/v2\/posts"}],"about":[{"href":"https:\/\/ppgecpan.ufms.br\/en\/wp-json\/wp\/v2\/types\/post"}],"author":[{"embeddable":true,"href":"https:\/\/ppgecpan.ufms.br\/en\/wp-json\/wp\/v2\/users\/2660"}],"replies":[{"embeddable":true,"href":"https:\/\/ppgecpan.ufms.br\/en\/wp-json\/wp\/v2\/comments?post=1693"}],"version-history":[{"count":9,"href":"https:\/\/ppgecpan.ufms.br\/en\/wp-json\/wp\/v2\/posts\/1693\/revisions"}],"predecessor-version":[{"id":1704,"href":"https:\/\/ppgecpan.ufms.br\/en\/wp-json\/wp\/v2\/posts\/1693\/revisions\/1704"}],"wp:featuredmedia":[{"embeddable":true,"href":"https:\/\/ppgecpan.ufms.br\/en\/wp-json\/wp\/v2\/media\/1695"}],"wp:attachment":[{"href":"https:\/\/ppgecpan.ufms.br\/en\/wp-json\/wp\/v2\/media?parent=1693"}],"wp:term":[{"taxonomy":"category","embeddable":true,"href":"https:\/\/ppgecpan.ufms.br\/en\/wp-json\/wp\/v2\/categories?post=1693"},{"taxonomy":"post_tag","embeddable":true,"href":"https:\/\/ppgecpan.ufms.br\/en\/wp-json\/wp\/v2\/tags?post=1693"},{"taxonomy":"author","embeddable":true,"href":"https:\/\/ppgecpan.ufms.br\/en\/wp-json\/wp\/v2\/coauthors?post=1693"}],"curies":[{"name":"wp","href":"https:\/\/api.w.org\/{rel}","templated":true}]}}