{"id":1711,"date":"2016-03-21T16:27:40","date_gmt":"2016-03-21T20:27:40","guid":{"rendered":"http:\/\/ppgecpan.draconis.ufms.br\/?p=1711"},"modified":"2016-03-29T08:27:36","modified_gmt":"2016-03-29T12:27:36","slug":"convite-evento-politica-educacional-e-qualidade-social-unicamp","status":"publish","type":"post","link":"https:\/\/ppgecpan.ufms.br\/en\/convite-evento-politica-educacional-e-qualidade-social-unicamp\/","title":{"rendered":"Convite: Evento &#8211; Pol\u00edtica educacional e qualidade social (Unicamp)"},"content":{"rendered":"<p>O\u00a0Loed\/FE\/Unicamp convida\u00a0a todos\u00a0para participar do\u00a0Semin\u00e1rio &#8220;<strong>Avalia\u00e7\u00e3o da Escola P\u00fablica sob o vi\u00e9s da Qualidade Social<\/strong>&#8220;, a realizar-se nos dias <strong>04 e 05 de maio de 2016<\/strong>, na Faculdade de Educa\u00e7\u00e3o da<strong> Unicamp<\/strong>.<\/p>\n<p>&nbsp;<\/p>\n<p>Os\/as interessados\/as poder\u00e3o inscrever trabalhos at\u00e9 o dia <strong>01\/04\/2016<\/strong>, que posteriormente ser\u00e3o publicados no e-book do evento.<\/p>\n<p>&nbsp;<\/p>\n<p>O Semin\u00e1rio objetiva discutir a qualidade social da escola p\u00fablica, bem como apresentar os resultados da pesquisa &#8220;A qualidade da escola p\u00fablica: um estudo longitudinal para sustenta\u00e7\u00e3o da responsabiliza\u00e7\u00e3o partilhada em uma rede de ensino&#8221;. E, ainda, conhecer as pesquisas e experi\u00eancias conclu\u00eddas e em andamento nas redes e institui\u00e7\u00f5es de ensino.<\/p>\n<p>&nbsp;<\/p>\n<p>Todas as informa\u00e7\u00f5es est\u00e3o no site <a href=\"https:\/\/loedcampinas.wordpress.com\/\" target=\"_blank\">https:\/\/loedcampinas.wordpress.com\/<\/a><\/p>\n<p>&nbsp;<\/p>\n<p><strong>SEGUE O\u00a0<a href=\"http:\/\/ppgecpan.draconis.ufms.br\/files\/2016\/03\/Folder-LOED.pdf\" target=\"_blank\">FOLDER<\/a>\u00a0E O\u00a0<a href=\"http:\/\/ppgecpan.draconis.ufms.br\/files\/2016\/03\/Cartaz-LOED.pdf\" target=\"_blank\">CARTAZ<\/a>\u00a0DO EVENTO.<\/strong><\/p>\n<p>&nbsp;<\/p>\n<p>Sobre o LOED:<\/p>\n<p>O LOED (Laborat\u00f3rio de Observa\u00e7\u00e3o e Estudos Descritivos) \u00e9 um grupo de pesquisa da Faculdade de Educa\u00e7\u00e3o da Unicamp, vinculado \u00e0 linha 1 \u201cCurr\u00edculo, Avalia\u00e7\u00e3o e Doc\u00eancia\u201d. Estuda a avalia\u00e7\u00e3o da aprendizagem, a avalia\u00e7\u00e3o institucional e de sistemas \u2010 pol\u00edticas p\u00fablicas \u2010\u00a0 visando explicar as liga\u00e7\u00f5es entre o campo da avalia\u00e7\u00e3o e as demais categorias do processo educativo, bem como investigar seus m\u00e9todos de desenvolvimento.<\/p>\n","protected":false},"excerpt":{"rendered":"<p>O\u00a0Loed\/FE\/Unicamp convida\u00a0a todos\u00a0para participar do\u00a0Semin\u00e1rio &#8220;Avalia\u00e7\u00e3o da Escola P\u00fablica sob o vi\u00e9s da Qualidade Social&#8220;, a realizar-se nos dias 04 e 05 de maio de 2016, na Faculdade de Educa\u00e7\u00e3o da Unicamp. &nbsp; Os\/as interessados\/as poder\u00e3o inscrever trabalhos at\u00e9 o dia 01\/04\/2016, que posteriormente ser\u00e3o publicados no e-book do evento. &nbsp; O Semin\u00e1rio objetiva discutir [&hellip;]<\/p>\n","protected":false},"author":2660,"featured_media":1714,"comment_status":"closed","ping_status":"open","sticky":false,"template":"","format":"standard","meta":{"footnotes":""},"categories":[39,1],"tags":[],"coauthors":[],"class_list":["post-1711","post","type-post","status-publish","format-standard","has-post-thumbnail","hentry","category-eventos-externos","category-noticias"],"_links":{"self":[{"href":"https:\/\/ppgecpan.ufms.br\/en\/wp-json\/wp\/v2\/posts\/1711","targetHints":{"allow":["GET"]}}],"collection":[{"href":"https:\/\/ppgecpan.ufms.br\/en\/wp-json\/wp\/v2\/posts"}],"about":[{"href":"https:\/\/ppgecpan.ufms.br\/en\/wp-json\/wp\/v2\/types\/post"}],"author":[{"embeddable":true,"href":"https:\/\/ppgecpan.ufms.br\/en\/wp-json\/wp\/v2\/users\/2660"}],"replies":[{"embeddable":true,"href":"https:\/\/ppgecpan.ufms.br\/en\/wp-json\/wp\/v2\/comments?post=1711"}],"version-history":[{"count":4,"href":"https:\/\/ppgecpan.ufms.br\/en\/wp-json\/wp\/v2\/posts\/1711\/revisions"}],"predecessor-version":[{"id":1718,"href":"https:\/\/ppgecpan.ufms.br\/en\/wp-json\/wp\/v2\/posts\/1711\/revisions\/1718"}],"wp:featuredmedia":[{"embeddable":true,"href":"https:\/\/ppgecpan.ufms.br\/en\/wp-json\/wp\/v2\/media\/1714"}],"wp:attachment":[{"href":"https:\/\/ppgecpan.ufms.br\/en\/wp-json\/wp\/v2\/media?parent=1711"}],"wp:term":[{"taxonomy":"category","embeddable":true,"href":"https:\/\/ppgecpan.ufms.br\/en\/wp-json\/wp\/v2\/categories?post=1711"},{"taxonomy":"post_tag","embeddable":true,"href":"https:\/\/ppgecpan.ufms.br\/en\/wp-json\/wp\/v2\/tags?post=1711"},{"taxonomy":"author","embeddable":true,"href":"https:\/\/ppgecpan.ufms.br\/en\/wp-json\/wp\/v2\/coauthors?post=1711"}],"curies":[{"name":"wp","href":"https:\/\/api.w.org\/{rel}","templated":true}]}}