{"id":1719,"date":"2016-03-21T18:50:40","date_gmt":"2016-03-21T22:50:40","guid":{"rendered":"http:\/\/ppgecpan.draconis.ufms.br\/?p=1719"},"modified":"2016-03-29T09:20:29","modified_gmt":"2016-03-29T13:20:29","slug":"divulgacao-concurso-de-pesquisa-negras-e-negros-nas-ciencias","status":"publish","type":"post","link":"https:\/\/ppgecpan.ufms.br\/en\/divulgacao-concurso-de-pesquisa-negras-e-negros-nas-ciencias\/","title":{"rendered":"Divulga\u00e7\u00e3o &#8211; Concurso de pesquisa: Negras e Negros nas Ci\u00eancias"},"content":{"rendered":"<p>&nbsp;<\/p>\n<p><b>Concurso de pesquisa: Negras e Negros nas Ci\u00eancias <\/b><br \/>\nA Funda\u00e7\u00e3o Carlos Chagas, com apoio da Funda\u00e7\u00e3o Ford, anuncia um concurso de pesquisa sobre as desigualdades raciais nas \u00e1reas das Ci\u00eancias Exatas, Biol\u00f3gicas, da Sa\u00fade e Tecnol\u00f3gicas. A sele\u00e7\u00e3o oferece bolsas de pesquisa de at\u00e9 R$ 30 mil para a realiza\u00e7\u00e3o de estudos que permitam identificar a participa\u00e7\u00e3o ou n\u00e3o de negras e negros no campo das ci\u00eancias. Tem como objetivo contribuir para a compreens\u00e3o de mecanismos geradores das desigualdades raciais e \u00e9tnicas na p\u00f3s-gradua\u00e7\u00e3o, bem como dimensionar a contribui\u00e7\u00e3o de negras e negros para o desenvolvimento do campo das Ci\u00eancias Exatas, Biol\u00f3gicas, da Sa\u00fade e Tecnol\u00f3gicas. Inscri\u00e7\u00f5es entre 01 e 30 de mar\u00e7o, pelo site da Funda\u00e7\u00e3o Carlos Chagas, <a href=\"http:\/\/www.fcc.org.br\/fcc\/negras-e-negros-nas-ciencias\/apresentacao\" target=\"_blank\">http:\/\/www.fcc.org.br\/fcc\/negras-e-negros-nas-ciencias\/apresentacao<\/a>.<\/p>\n<p>&nbsp;<\/p>\n<p><b>Por que um edital sobre essas quest\u00f5es?<\/b><br \/>\nDados do relat\u00f3rio Desigualdades de cor\/ra\u00e7a e sexo entre pessoas que frequentam e titulados na p\u00f3s-gradua\u00e7\u00e3o brasileira: 2000 e 2010 (Funda\u00e7\u00e3o Carlos Chagas), indicam o aumento na participa\u00e7\u00e3o de negros no ensino superior desde o in\u00edcio dos anos 2000. Mas ainda sabe-se pouco sobre a participa\u00e7\u00e3o da popula\u00e7\u00e3o negra na produ\u00e7\u00e3o da ci\u00eancia e da tecnologia em nosso pa\u00eds, porque s\u00e3o raros estudos que consideram essa abordagem. A amplia\u00e7\u00e3o da diversidade \u00e9tnica e racial pode fornecer novas perspectivas e necessidades diferenciadas na produ\u00e7\u00e3o das ci\u00eancias. Essa vis\u00e3o foi reconhecida por grandes corpora\u00e7\u00f5es que tornaram seus quadros mais parit\u00e1rios e por publica\u00e7\u00f5es internacionais que destacam a import\u00e2ncia da diversidade no desenvolvimento tecnol\u00f3gico.<\/p>\n<p>Poder\u00e3o concorrer a at\u00e9 quatro bolsas, pesquisadoras e pesquisadores doutores: vinculados a institui\u00e7\u00f5es de ensino superior, centros e institutos de pesquisa; organiza\u00e7\u00f5es n\u00e3o governamentais ou sem v\u00ednculo institucional, desde que comprovada experi\u00eancia em pesquisa e na tem\u00e1tica do edital ou em \u00e1reas correlatas.<\/p>\n<p><small><i>Viviany M. Rosa Hoio<\/i><br \/>\nDepartamento de Pesquisas Educacionais<br \/>\nFone: (11) 3723.3108<br \/>\ne-mail: <a href=\"mailto:+vrosa@fcc.org.br\" target=\"_blank\">vrosa@fcc.org.br<\/a><\/small><\/p>\n","protected":false},"excerpt":{"rendered":"<p>&nbsp; Concurso de pesquisa: Negras e Negros nas Ci\u00eancias A Funda\u00e7\u00e3o Carlos Chagas, com apoio da Funda\u00e7\u00e3o Ford, anuncia um concurso de pesquisa sobre as desigualdades raciais nas \u00e1reas das Ci\u00eancias Exatas, Biol\u00f3gicas, da Sa\u00fade e Tecnol\u00f3gicas. A sele\u00e7\u00e3o oferece bolsas de pesquisa de at\u00e9 R$ 30 mil para a realiza\u00e7\u00e3o de estudos que permitam [&hellip;]<\/p>\n","protected":false},"author":2660,"featured_media":1720,"comment_status":"closed","ping_status":"open","sticky":false,"template":"","format":"standard","meta":{"footnotes":""},"categories":[1],"tags":[],"coauthors":[],"class_list":["post-1719","post","type-post","status-publish","format-standard","has-post-thumbnail","hentry","category-noticias"],"_links":{"self":[{"href":"https:\/\/ppgecpan.ufms.br\/en\/wp-json\/wp\/v2\/posts\/1719","targetHints":{"allow":["GET"]}}],"collection":[{"href":"https:\/\/ppgecpan.ufms.br\/en\/wp-json\/wp\/v2\/posts"}],"about":[{"href":"https:\/\/ppgecpan.ufms.br\/en\/wp-json\/wp\/v2\/types\/post"}],"author":[{"embeddable":true,"href":"https:\/\/ppgecpan.ufms.br\/en\/wp-json\/wp\/v2\/users\/2660"}],"replies":[{"embeddable":true,"href":"https:\/\/ppgecpan.ufms.br\/en\/wp-json\/wp\/v2\/comments?post=1719"}],"version-history":[{"count":1,"href":"https:\/\/ppgecpan.ufms.br\/en\/wp-json\/wp\/v2\/posts\/1719\/revisions"}],"predecessor-version":[{"id":1721,"href":"https:\/\/ppgecpan.ufms.br\/en\/wp-json\/wp\/v2\/posts\/1719\/revisions\/1721"}],"wp:featuredmedia":[{"embeddable":true,"href":"https:\/\/ppgecpan.ufms.br\/en\/wp-json\/wp\/v2\/media\/1720"}],"wp:attachment":[{"href":"https:\/\/ppgecpan.ufms.br\/en\/wp-json\/wp\/v2\/media?parent=1719"}],"wp:term":[{"taxonomy":"category","embeddable":true,"href":"https:\/\/ppgecpan.ufms.br\/en\/wp-json\/wp\/v2\/categories?post=1719"},{"taxonomy":"post_tag","embeddable":true,"href":"https:\/\/ppgecpan.ufms.br\/en\/wp-json\/wp\/v2\/tags?post=1719"},{"taxonomy":"author","embeddable":true,"href":"https:\/\/ppgecpan.ufms.br\/en\/wp-json\/wp\/v2\/coauthors?post=1719"}],"curies":[{"name":"wp","href":"https:\/\/api.w.org\/{rel}","templated":true}]}}