{"id":1731,"date":"2016-03-29T07:57:11","date_gmt":"2016-03-29T11:57:11","guid":{"rendered":"http:\/\/ppgecpan.draconis.ufms.br\/?p=1731"},"modified":"2016-04-01T07:38:13","modified_gmt":"2016-04-01T11:38:13","slug":"chamada-para-revista-de-ciencias-humanas-educacao-uri","status":"publish","type":"post","link":"https:\/\/ppgecpan.ufms.br\/en\/chamada-para-revista-de-ciencias-humanas-educacao-uri\/","title":{"rendered":"Chamada para Revista de Ci\u00eancias Humanas &#8211; Educa\u00e7\u00e3o URI"},"content":{"rendered":"<p><strong>CHAMADA PARA PUBLICA\u00c7\u00c3O<\/strong><br \/>\nANO 2016<\/p>\n<p>A Revista de Ci\u00eancias Humanas &#8211; Educa\u00e7\u00e3o, peri\u00f3dico do Programa de P\u00f3s-Gradua\u00e7\u00e3o em Educa\u00e7\u00e3o \u2013 Mestrado em Educa\u00e7\u00e3o, da Universidade Regional Integrada do Alto Uruguai e das Miss\u00f5es participa aos interessados que est\u00e1 permanentemente aberta para publica\u00e7\u00f5es.<\/p>\n<p>Na se\u00e7\u00e3o dossi\u00eas ser\u00e3o tratados os seguintes temas:<br \/>\nV. 17 \u2013 N. 28 (enviar textos at\u00e9 15 de abril de 2016). A se\u00e7\u00e3o dossi\u00ea, N\u00ba. 28 da RCH, ser\u00e1 publicada em julho de 2016.<br \/>\nTem\u00e1tica: <strong>Pol\u00edticas no Ensino Superior da Am\u00e9rica Latina<\/strong><br \/>\nOs sistemas nacionais de Ensino Superior nos pa\u00edses da Am\u00e9rica Latina acompanham as mudan\u00e7as pol\u00edticas e econ\u00f4micas de cada pa\u00eds, que possuem similaridade por conta da transnacionaliza\u00e7\u00e3o das pol\u00edticas educacionais, e das diferencia\u00e7\u00f5es curriculares, pol\u00edticas, econ\u00f4micas e ideol\u00f3gicas. A partir das principais mudan\u00e7as que ocorreram e ocorrem no sistema de ensino superior nos pa\u00edses da Am\u00e9rica Latina, pressup\u00f5em-se analisar os processos de formula\u00e7\u00e3o e reformula\u00e7\u00e3o das estrat\u00e9gias e diretrizes educacionais, buscando compreender como se processou essa expans\u00e3o, e como foram elaboradas as pol\u00edticas para o ensino superior. Este dossi\u00ea deseja contemplar e analisar trabalhos que compreendem esse olhar sobre as Pol\u00edticas no Ensino Superior na Am\u00e9rica Latina.<\/p>\n<p>V. 17 \u2013 N. 29 (enviar textos at\u00e9 15 de setembro de 2016). A se\u00e7\u00e3o dossi\u00ea, N\u00ba. 29 da RCH, ser\u00e1 publicada no m\u00eas de dezembro de 2016.<br \/>\nTem\u00e1tica: <strong>Professor Pesquisador: Desafios da pr\u00e1tica e vida docente<\/strong>.<br \/>\nNos \u00faltimos 50 anos, o professor passou a vivenciar e experienciar pr\u00e1ticas com uma complexidade social cada vez mais desafiadora, passando a conviver lado a lado com a tecnologia e seus recursos, fazendo com que as respostas e buscas passassem a ser imediatas, em um curto per\u00edodo de reflex\u00e3o e an\u00e1lise. Sabemos que a educa\u00e7\u00e3o superior deve incentivar o trabalho da pesquisa e investiga\u00e7\u00e3o cientifica, buscando atrav\u00e9s do ensino, pesquisa e extens\u00e3o desenvolver a ci\u00eancia, tecnologia, bem como a cria\u00e7\u00e3o e difus\u00e3o da cultura e do conhecimento cientifico e t\u00e9cnico. Neste sentido, este dossi\u00ea tem\u00e1tico prop\u00f5e a reflex\u00e3o sobre a possibilidade de estabelecer uma teoriza\u00e7\u00e3o sobre os desafios da pr\u00e1tica docente em todos os n\u00edveis de ensino.<br \/>\nDemais Se\u00e7\u00f5es: Fluxo cont\u00ednuo. Os interessados em participar com publica\u00e7\u00f5es em uma das se\u00e7\u00f5es da Revista de Ci\u00eancias Humanas (dossi\u00eas; outros textos; entrevistas; legisla\u00e7\u00e3o comentada e resenhas) devem enviar seus artigos diretamente pelo SEER, para a avalia\u00e7\u00e3o por pares.<\/p>\n<p>As normas de publica\u00e7\u00e3o e outras informa\u00e7\u00f5es pertinentes podem ser acessadas no seguinte endere\u00e7o eletr\u00f4nico:<a href=\"http:\/\/revistas.fw.uri.br\/index.php\/revistadech\/about\" target=\"_blank\">http:\/\/revistas.fw.uri.br\/index.php\/revistadech\/about<\/a>\u200b<\/p>\n<p><strong>ACESSE A CHAMADA &#8211; <a href=\"http:\/\/ppgecpan.draconis.ufms.br\/files\/2016\/03\/Chamada-01-2016.pdf\" target=\"_blank\">AQUI<\/a><\/strong><\/p>\n","protected":false},"excerpt":{"rendered":"<p>CHAMADA PARA PUBLICA\u00c7\u00c3O ANO 2016 A Revista de Ci\u00eancias Humanas &#8211; Educa\u00e7\u00e3o, peri\u00f3dico do Programa de P\u00f3s-Gradua\u00e7\u00e3o em Educa\u00e7\u00e3o \u2013 Mestrado em Educa\u00e7\u00e3o, da Universidade Regional Integrada do Alto Uruguai e das Miss\u00f5es participa aos interessados que est\u00e1 permanentemente aberta para publica\u00e7\u00f5es. Na se\u00e7\u00e3o dossi\u00eas ser\u00e3o tratados os seguintes temas: V. 17 \u2013 N. 28 [&hellip;]<\/p>\n","protected":false},"author":2660,"featured_media":1733,"comment_status":"closed","ping_status":"open","sticky":false,"template":"","format":"standard","meta":{"footnotes":""},"categories":[37,1],"tags":[],"coauthors":[],"class_list":["post-1731","post","type-post","status-publish","format-standard","has-post-thumbnail","hentry","category-calls-for-publication","category-noticias"],"_links":{"self":[{"href":"https:\/\/ppgecpan.ufms.br\/en\/wp-json\/wp\/v2\/posts\/1731","targetHints":{"allow":["GET"]}}],"collection":[{"href":"https:\/\/ppgecpan.ufms.br\/en\/wp-json\/wp\/v2\/posts"}],"about":[{"href":"https:\/\/ppgecpan.ufms.br\/en\/wp-json\/wp\/v2\/types\/post"}],"author":[{"embeddable":true,"href":"https:\/\/ppgecpan.ufms.br\/en\/wp-json\/wp\/v2\/users\/2660"}],"replies":[{"embeddable":true,"href":"https:\/\/ppgecpan.ufms.br\/en\/wp-json\/wp\/v2\/comments?post=1731"}],"version-history":[{"count":1,"href":"https:\/\/ppgecpan.ufms.br\/en\/wp-json\/wp\/v2\/posts\/1731\/revisions"}],"predecessor-version":[{"id":1734,"href":"https:\/\/ppgecpan.ufms.br\/en\/wp-json\/wp\/v2\/posts\/1731\/revisions\/1734"}],"wp:featuredmedia":[{"embeddable":true,"href":"https:\/\/ppgecpan.ufms.br\/en\/wp-json\/wp\/v2\/media\/1733"}],"wp:attachment":[{"href":"https:\/\/ppgecpan.ufms.br\/en\/wp-json\/wp\/v2\/media?parent=1731"}],"wp:term":[{"taxonomy":"category","embeddable":true,"href":"https:\/\/ppgecpan.ufms.br\/en\/wp-json\/wp\/v2\/categories?post=1731"},{"taxonomy":"post_tag","embeddable":true,"href":"https:\/\/ppgecpan.ufms.br\/en\/wp-json\/wp\/v2\/tags?post=1731"},{"taxonomy":"author","embeddable":true,"href":"https:\/\/ppgecpan.ufms.br\/en\/wp-json\/wp\/v2\/coauthors?post=1731"}],"curies":[{"name":"wp","href":"https:\/\/api.w.org\/{rel}","templated":true}]}}