{"id":1742,"date":"2016-03-29T08:26:06","date_gmt":"2016-03-29T12:26:06","guid":{"rendered":"http:\/\/ppgecpan.draconis.ufms.br\/?p=1742"},"modified":"2016-04-07T13:25:11","modified_gmt":"2016-04-07T17:25:11","slug":"ix-simposio-nacional-de-educacao-e-o-iii-coloquio-internacional-de-politicas-educacionais-e-formacao-de-professores","status":"publish","type":"post","link":"https:\/\/ppgecpan.ufms.br\/en\/ix-simposio-nacional-de-educacao-e-o-iii-coloquio-internacional-de-politicas-educacionais-e-formacao-de-professores\/","title":{"rendered":"IX Simp\u00f3sio Nacional de Educa\u00e7\u00e3o e III Col\u00f3quio Internacional de Pol\u00edticas Educacionais e Forma\u00e7\u00e3o de Professores"},"content":{"rendered":"<p>Prezado(a) Colega<\/p>\n<p>O Programa de P\u00f3s-Gradua\u00e7\u00e3o em Educa\u00e7\u00e3o, Mestrado em Educa\u00e7\u00e3o, da URI &#8211; Universidade Regional Integrada do Alto Uruguai e das Miss\u00f5es promover\u00e1 de 28 a 30 de setembro de 2016 o IX Simp\u00f3sio Nacional de Educa\u00e7\u00e3o e o III Col\u00f3quio Internacional de Pol\u00edticas Educacionais e Forma\u00e7\u00e3o de Professores, com o tema Pol\u00edticas e Processos de Forma\u00e7\u00e3o docente no territ\u00f3rio Iberoamericano: construindo um futuro comum.<\/p>\n<p>Visando o sucesso do evento realizado em 2014, convidamos os colegas de PPGs para inscreverem GTs, conforme Convocat\u00f3ria 01 que segue, em anexo.<\/p>\n<p>Contato e informa\u00e7\u00f5es atrav\u00e9s do e-mail sne@uri.edu.br.<\/p>\n<p><strong>ACESSE A CONVOCAT\u00d3RIA &#8211; <a href=\"http:\/\/ppgecpan.draconis.ufms.br\/files\/2016\/03\/Convocatoria-01.pdf\" target=\"_blank\">AQUI<\/a><\/strong><\/p>\n","protected":false},"excerpt":{"rendered":"<p>Prezado(a) Colega O Programa de P\u00f3s-Gradua\u00e7\u00e3o em Educa\u00e7\u00e3o, Mestrado em Educa\u00e7\u00e3o, da URI &#8211; Universidade Regional Integrada do Alto Uruguai e das Miss\u00f5es promover\u00e1 de 28 a 30 de setembro de 2016 o IX Simp\u00f3sio Nacional de Educa\u00e7\u00e3o e o III Col\u00f3quio Internacional de Pol\u00edticas Educacionais e Forma\u00e7\u00e3o de Professores, com o tema Pol\u00edticas e [&hellip;]<\/p>\n","protected":false},"author":2660,"featured_media":1743,"comment_status":"closed","ping_status":"open","sticky":false,"template":"","format":"standard","meta":{"footnotes":""},"categories":[10,39,1],"tags":[],"coauthors":[],"class_list":["post-1742","post","type-post","status-publish","format-standard","has-post-thumbnail","hentry","category-eventos","category-eventos-externos","category-noticias"],"_links":{"self":[{"href":"https:\/\/ppgecpan.ufms.br\/en\/wp-json\/wp\/v2\/posts\/1742","targetHints":{"allow":["GET"]}}],"collection":[{"href":"https:\/\/ppgecpan.ufms.br\/en\/wp-json\/wp\/v2\/posts"}],"about":[{"href":"https:\/\/ppgecpan.ufms.br\/en\/wp-json\/wp\/v2\/types\/post"}],"author":[{"embeddable":true,"href":"https:\/\/ppgecpan.ufms.br\/en\/wp-json\/wp\/v2\/users\/2660"}],"replies":[{"embeddable":true,"href":"https:\/\/ppgecpan.ufms.br\/en\/wp-json\/wp\/v2\/comments?post=1742"}],"version-history":[{"count":2,"href":"https:\/\/ppgecpan.ufms.br\/en\/wp-json\/wp\/v2\/posts\/1742\/revisions"}],"predecessor-version":[{"id":1746,"href":"https:\/\/ppgecpan.ufms.br\/en\/wp-json\/wp\/v2\/posts\/1742\/revisions\/1746"}],"wp:featuredmedia":[{"embeddable":true,"href":"https:\/\/ppgecpan.ufms.br\/en\/wp-json\/wp\/v2\/media\/1743"}],"wp:attachment":[{"href":"https:\/\/ppgecpan.ufms.br\/en\/wp-json\/wp\/v2\/media?parent=1742"}],"wp:term":[{"taxonomy":"category","embeddable":true,"href":"https:\/\/ppgecpan.ufms.br\/en\/wp-json\/wp\/v2\/categories?post=1742"},{"taxonomy":"post_tag","embeddable":true,"href":"https:\/\/ppgecpan.ufms.br\/en\/wp-json\/wp\/v2\/tags?post=1742"},{"taxonomy":"author","embeddable":true,"href":"https:\/\/ppgecpan.ufms.br\/en\/wp-json\/wp\/v2\/coauthors?post=1742"}],"curies":[{"name":"wp","href":"https:\/\/api.w.org\/{rel}","templated":true}]}}