{"id":1804,"date":"2016-04-06T15:03:42","date_gmt":"2016-04-06T19:03:42","guid":{"rendered":"http:\/\/ppgecpan.draconis.ufms.br\/?p=1804"},"modified":"2016-04-06T15:07:17","modified_gmt":"2016-04-06T19:07:17","slug":"relacao-de-inscricoes-deferidas-alunos-especiais-2016-1","status":"publish","type":"post","link":"https:\/\/ppgecpan.ufms.br\/en\/relacao-de-inscricoes-deferidas-alunos-especiais-2016-1\/","title":{"rendered":"Rela\u00e7\u00e3o de inscri\u00e7\u00f5es deferidas &#8211; Alunos especiais 2016.1"},"content":{"rendered":"<p><strong>\u00a0<\/strong><\/p>\n<p><strong>\u00a0<\/strong><\/p>\n<p>Os alunos especiais com inscri\u00e7\u00e3o deferida dever\u00e3o comparecer na secretaria do PPGE no dia <strong>07 ou 08 de abril, no hor\u00e1rio das 07h30 \u00e0s 11h00 ou das 13h30 \u00e0s 17h<\/strong>, para efetuarem matr\u00edcula com <strong>original e c\u00f3pia de: <\/strong>CERTID\u00c3O DE NASCIMENTO OU CASAMENTO, RG, CPF, T\u00cdTULO DE ELEITOR, CERTIFICADO DE CONCLUS\u00c3O DE GRADUA\u00c7\u00c3O OU DIPLOMA E CERTIFICADO DE RESERVISTA.<\/p>\n<p><strong>Ou<\/strong>, podem enviar <u>c\u00f3pia autenticada<\/u> de tais documentos, digitalizados, ao email <a href=\"mailto:ppge.cpan.ufms@gmail.com\">ppge.cpan.ufms@gmail.com<\/a><\/p>\n<p>&nbsp;<\/p>\n<p><u>Doc\u00eancia como trabalho<\/u><\/p>\n<p>Edimara Ribeiro Silva Azevedo<\/p>\n<p>Eliane Ceri Assis Santana<\/p>\n<p>Giane Aparecida Moura da Silva<\/p>\n<p>Jacqueline da Campos Rojas<\/p>\n<p>Juciane Azarias dos Santos<\/p>\n<p>Juliana Vieira Chinelato Alves<\/p>\n<p>Luiz Sergio Velasques Urquiza Junior<\/p>\n<p>Maria do Carmo Cabral Campos<\/p>\n<p>Maria Emilia Benevolo Fernandes Barbosa<\/p>\n<p>Monica Celi e Silva Salustiano Luchner<\/p>\n<p>Rosangela dos Santos Cruz<\/p>\n<p>Sanderson Fardim Fernandes<\/p>\n<p>Tatiele Quevedo Nardes Dornelles<\/p>\n<p>Thais de Lima Cambara<\/p>\n<p>&nbsp;<\/p>\n<p><u>Educa\u00e7\u00e3o e Direitos Humanos<\/u><\/p>\n<p>Aline Ramona de Andrade Silva<\/p>\n<p>Ana Rosa Marinho Sahib Britto<\/p>\n<p>Andreza Fernanda de Medeiros<\/p>\n<p>Daniela de F\u00e1tima Teixeira Schmidt<\/p>\n<p>Danielle dos Santos Belzu Choque<\/p>\n<p>Evelyn Nazar\u00e9 Moreira Vieira Navarro<\/p>\n<p>Fabiane Ohara Ramires<\/p>\n<p>Felipe de Lima Amorim<\/p>\n<p>Jo\u00e3o Paulo Romero Miranda<\/p>\n<p>Juliana Peroni Abrah\u00e3o Barbosa<\/p>\n<p>Rodrigo Vargas Miranda<\/p>\n<p>Tiago Trist\u00e3o Artero<\/p>\n<p>&nbsp;<\/p>\n<p><u>Educa\u00e7\u00e3o Especial: pol\u00edticas, processos e pr\u00e1ticas<\/u><\/p>\n<p>Adel Ferreira Campos Junior<\/p>\n<p>Ana Claudia da Silva Messias<\/p>\n<p>Fernanda C\u00e2mara Cardoso<\/p>\n<p>Jales L\u00facio de Andrade J\u00fanior<\/p>\n<p>Jocely Matos Rocha<\/p>\n<p>Rosa Alessandra Rodrigues Corr\u00eaa<\/p>\n<p>Sabah Robban<\/p>\n<p>&nbsp;<\/p>\n<p><u>Pierre Bourdieu e an\u00e1lise do processo escolar<\/u><\/p>\n<p>Antonia Cl\u00e1udia Cartacho Meireles do Nascimento<\/p>\n<p>Francisca Renata Oliveira<\/p>\n<p>Isabela Ribeiro Villares Nascimento<\/p>\n<p>Irai Aparecido Maiolino<\/p>\n<p>Ketylen Karyne Santos Cruz<\/p>\n<p>Maria Alice de Paula Souza<\/p>\n<p>&nbsp;<\/p>\n<p><u>Teoria Cr\u00edtica e Educa\u00e7\u00e3o Social<\/u><\/p>\n<p>Andreliza de Assis Nolasco<\/p>\n<p>Elisa Maria Gomes Costa<\/p>\n<p>Jo\u00e3o Gilberto F\u00eddias Waldemar Saturnino Marinho de Andrade<\/p>\n<p>Josu\u00e9 Cristiano Cuellar da Silva<\/p>\n<p>Lais Gon\u00e7alves Vieira<\/p>\n<p>Leticia da Costa Soares<\/p>\n<p>Luciano Araujo da Costa<\/p>\n<p>Luiz Fernando da Rocha Cerqueira<\/p>\n<p>Marcia Cristina Gon\u00e7alves de Souza Silva<\/p>\n<p>Maria Aglauri Gomes Barbosa El Salla<\/p>\n<p>Marta Maria Caldeira Padilha<\/p>\n<p>Sergio da Silva Pereira<\/p>\n<p>Silvia Tais Gon\u00e7alves Vieira<\/p>\n<p>&nbsp;<\/p>\n<p><u>\u00a0<\/u><\/p>\n<p><u>\u00a0<\/u><\/p>\n<p>Em caso de d\u00favidas, entrar em contato com a Secretaria.<\/p>\n<p>Telf.: (67) 3234-6214 ou (67) 3234-6212.<\/p>\n<p>Email.:ppge.cpan@ufms.br<\/p>\n","protected":false},"excerpt":{"rendered":"<p>\u00a0 \u00a0 Os alunos especiais com inscri\u00e7\u00e3o deferida dever\u00e3o comparecer na secretaria do PPGE no dia 07 ou 08 de abril, no hor\u00e1rio das 07h30 \u00e0s 11h00 ou das 13h30 \u00e0s 17h, para efetuarem matr\u00edcula com original e c\u00f3pia de: CERTID\u00c3O DE NASCIMENTO OU CASAMENTO, RG, CPF, T\u00cdTULO DE ELEITOR, CERTIFICADO DE CONCLUS\u00c3O DE GRADUA\u00c7\u00c3O [&hellip;]<\/p>\n","protected":false},"author":2660,"featured_media":1322,"comment_status":"closed","ping_status":"open","sticky":false,"template":"","format":"standard","meta":{"footnotes":""},"categories":[17,1,57],"tags":[],"coauthors":[],"class_list":["post-1804","post","type-post","status-publish","format-standard","has-post-thumbnail","hentry","category-destaques","category-noticias","category-processos-seletivos-noticias"],"_links":{"self":[{"href":"https:\/\/ppgecpan.ufms.br\/en\/wp-json\/wp\/v2\/posts\/1804","targetHints":{"allow":["GET"]}}],"collection":[{"href":"https:\/\/ppgecpan.ufms.br\/en\/wp-json\/wp\/v2\/posts"}],"about":[{"href":"https:\/\/ppgecpan.ufms.br\/en\/wp-json\/wp\/v2\/types\/post"}],"author":[{"embeddable":true,"href":"https:\/\/ppgecpan.ufms.br\/en\/wp-json\/wp\/v2\/users\/2660"}],"replies":[{"embeddable":true,"href":"https:\/\/ppgecpan.ufms.br\/en\/wp-json\/wp\/v2\/comments?post=1804"}],"version-history":[{"count":3,"href":"https:\/\/ppgecpan.ufms.br\/en\/wp-json\/wp\/v2\/posts\/1804\/revisions"}],"predecessor-version":[{"id":1807,"href":"https:\/\/ppgecpan.ufms.br\/en\/wp-json\/wp\/v2\/posts\/1804\/revisions\/1807"}],"wp:featuredmedia":[{"embeddable":true,"href":"https:\/\/ppgecpan.ufms.br\/en\/wp-json\/wp\/v2\/media\/1322"}],"wp:attachment":[{"href":"https:\/\/ppgecpan.ufms.br\/en\/wp-json\/wp\/v2\/media?parent=1804"}],"wp:term":[{"taxonomy":"category","embeddable":true,"href":"https:\/\/ppgecpan.ufms.br\/en\/wp-json\/wp\/v2\/categories?post=1804"},{"taxonomy":"post_tag","embeddable":true,"href":"https:\/\/ppgecpan.ufms.br\/en\/wp-json\/wp\/v2\/tags?post=1804"},{"taxonomy":"author","embeddable":true,"href":"https:\/\/ppgecpan.ufms.br\/en\/wp-json\/wp\/v2\/coauthors?post=1804"}],"curies":[{"name":"wp","href":"https:\/\/api.w.org\/{rel}","templated":true}]}}