{"id":1808,"date":"2016-04-07T13:23:05","date_gmt":"2016-04-07T17:23:05","guid":{"rendered":"http:\/\/ppgecpan.draconis.ufms.br\/?p=1808"},"modified":"2016-04-29T15:30:50","modified_gmt":"2016-04-29T19:30:50","slug":"chamada-revista-estudos-em-avaliacao-educacional","status":"publish","type":"post","link":"https:\/\/ppgecpan.ufms.br\/en\/chamada-revista-estudos-em-avaliacao-educacional\/","title":{"rendered":"Chamada Revista Estudos em Avalia\u00e7\u00e3o Educacional"},"content":{"rendered":"<p style=\"line-height: 20.65pt;background: white\"><span style=\"font-family: 'Arial','sans-serif';color: #222222\">Caros Pesquisadores,<\/span><\/p>\n<p>A revista Estudos em Avalia\u00e7\u00e3o Educacional, da Funda\u00e7\u00e3o Carlos Chagas, est\u00e1 recebendo artigos cuja tem\u00e1tica central seja &#8220;Indicadores Educacionais&#8221;. Estes textos ir\u00e3o compor o n\u00famero 66 (set.\/dez. 2016) da revista.<\/p>\n<p style=\"line-height: 20.65pt;background: white;text-align: start\"><span style=\"font-family: 'Arial','sans-serif';color: #222222\">Buscam-se artigos que contribuam para uma ampla discuss\u00e3o a respeito de aspectos te\u00f3ricos, metodol\u00f3gicos, pol\u00edticos e\/ou pr\u00e1ticos de indicadores no \u00e2mbito educacional.<\/span><\/p>\n<p style=\"line-height: 20.65pt;background: white;text-align: start\"><span style=\"font-family: 'Arial','sans-serif';color: #222222\">O prazo para a submiss\u00e3o dos artigos para este n\u00famero da revista Estudos em Avalia\u00e7\u00e3o Educacional se encerrar\u00e1 em 30 de junho de 2016.<\/span><\/p>\n<p style=\"line-height: 20.65pt;background: white;text-align: start\"><span style=\"font-family: 'Arial','sans-serif';color: #222222\">As submiss\u00f5es dever\u00e3o ser feitas por meio do endere\u00e7o eletr\u00f4nico<span class=\"apple-converted-space\">\u00a0<\/span><a href=\"http:\/\/publicacoes.fcc.org.br\/ojs\/index.php\/eae\/about\/submissions#onlineSubmissions\" target=\"_blank\"><span style=\"color: #1155cc\">http:\/\/publicacoes.fcc.org.br\/ojs\/index.php\/eae\/about\/submissions#onlineSubmissions<span class=\"apple-converted-space\">\u00a0<\/span><\/span><\/a>.<\/span><\/p>\n<p style=\"line-height: 24.0pt;background: white;text-align: start\"><span style=\"font-family: 'Arial','sans-serif';color: #222222\">Atenciosamente,<\/span><\/p>\n<p><i>Nelson Gimenes e Gabriela Moriconi<\/i><br \/>\n<i>Editores de Estudos em Avalia\u00e7\u00e3o Educacional<\/i><br \/>\n<i>Funda\u00e7\u00e3o Carlos Chagas<\/i><\/p>\n","protected":false},"excerpt":{"rendered":"<p>Caros Pesquisadores, A revista Estudos em Avalia\u00e7\u00e3o Educacional, da Funda\u00e7\u00e3o Carlos Chagas, est\u00e1 recebendo artigos cuja tem\u00e1tica central seja &#8220;Indicadores Educacionais&#8221;. Estes textos ir\u00e3o compor o n\u00famero 66 (set.\/dez. 2016) da revista. Buscam-se artigos que contribuam para uma ampla discuss\u00e3o a respeito de aspectos te\u00f3ricos, metodol\u00f3gicos, pol\u00edticos e\/ou pr\u00e1ticos de indicadores no \u00e2mbito educacional. O [&hellip;]<\/p>\n","protected":false},"author":2660,"featured_media":1809,"comment_status":"closed","ping_status":"open","sticky":false,"template":"","format":"standard","meta":{"footnotes":""},"categories":[37],"tags":[],"coauthors":[],"class_list":["post-1808","post","type-post","status-publish","format-standard","has-post-thumbnail","hentry","category-calls-for-publication"],"_links":{"self":[{"href":"https:\/\/ppgecpan.ufms.br\/en\/wp-json\/wp\/v2\/posts\/1808","targetHints":{"allow":["GET"]}}],"collection":[{"href":"https:\/\/ppgecpan.ufms.br\/en\/wp-json\/wp\/v2\/posts"}],"about":[{"href":"https:\/\/ppgecpan.ufms.br\/en\/wp-json\/wp\/v2\/types\/post"}],"author":[{"embeddable":true,"href":"https:\/\/ppgecpan.ufms.br\/en\/wp-json\/wp\/v2\/users\/2660"}],"replies":[{"embeddable":true,"href":"https:\/\/ppgecpan.ufms.br\/en\/wp-json\/wp\/v2\/comments?post=1808"}],"version-history":[{"count":3,"href":"https:\/\/ppgecpan.ufms.br\/en\/wp-json\/wp\/v2\/posts\/1808\/revisions"}],"predecessor-version":[{"id":1812,"href":"https:\/\/ppgecpan.ufms.br\/en\/wp-json\/wp\/v2\/posts\/1808\/revisions\/1812"}],"wp:featuredmedia":[{"embeddable":true,"href":"https:\/\/ppgecpan.ufms.br\/en\/wp-json\/wp\/v2\/media\/1809"}],"wp:attachment":[{"href":"https:\/\/ppgecpan.ufms.br\/en\/wp-json\/wp\/v2\/media?parent=1808"}],"wp:term":[{"taxonomy":"category","embeddable":true,"href":"https:\/\/ppgecpan.ufms.br\/en\/wp-json\/wp\/v2\/categories?post=1808"},{"taxonomy":"post_tag","embeddable":true,"href":"https:\/\/ppgecpan.ufms.br\/en\/wp-json\/wp\/v2\/tags?post=1808"},{"taxonomy":"author","embeddable":true,"href":"https:\/\/ppgecpan.ufms.br\/en\/wp-json\/wp\/v2\/coauthors?post=1808"}],"curies":[{"name":"wp","href":"https:\/\/api.w.org\/{rel}","templated":true}]}}