{"id":1814,"date":"2016-04-07T19:17:39","date_gmt":"2016-04-07T23:17:39","guid":{"rendered":"http:\/\/ppgecpan.draconis.ufms.br\/?p=1814"},"modified":"2016-04-12T14:00:55","modified_gmt":"2016-04-12T18:00:55","slug":"1814-2","status":"publish","type":"post","link":"https:\/\/ppgecpan.ufms.br\/en\/1814-2\/","title":{"rendered":"PPGE\/CPAN reabre sele\u00e7\u00e3o para alunos especiais com ingresso no primeiro semestre de 2016"},"content":{"rendered":"<p style=\"line-height: 15.0pt;background: white;margin: 0cm 0cm 7.9pt 0cm\">O PPGE\/CPAN reabre sele\u00e7\u00e3o\u00a0para alunos especiais\u00a0com ingresso no primeiro semestre de 2016.<\/p>\n<p style=\"line-height: 15.0pt;background: white;margin: 0cm 0cm 7.9pt 0cm\"><span style=\"font-size: 10.5pt;font-family: 'Arial','sans-serif';color: #2c3e50\">Confira as datas:<\/span><\/p>\n<p style=\"line-height: 15.0pt;background: white;margin: 0cm 0cm 7.9pt 0cm\"><span style=\"font-size: 10.5pt;font-family: 'Arial','sans-serif';color: #2c3e50\">\u00a0<\/span><\/p>\n<p style=\"line-height: 15.0pt;background: white;margin: 0cm 0cm 7.9pt 0cm\"><span style=\"font-size: 10.5pt;font-family: 'Arial','sans-serif';color: #2c3e50\">11\/04\/2016 \u2013<span class=\"apple-converted-space\">\u00a0<\/span><strong><span style=\"font-family: 'Arial','sans-serif'\">Inscri\u00e7\u00e3o<\/span><\/strong><span class=\"apple-converted-space\">\u00a0<\/span>para alunos especiais<\/span><\/p>\n<p style=\"line-height: 15.0pt;background: white;margin: 0cm 0cm 7.9pt 0cm\"><span style=\"font-size: 10.5pt;font-family: 'Arial','sans-serif';color: #2c3e50\">12\/04\/2016 \u2013 Resultado da sele\u00e7\u00e3o dos alunos especiais no site do PPGE<\/span><\/p>\n<p style=\"line-height: 15.0pt;background: white;margin: 0cm 0cm 7.9pt 0cm\"><span style=\"font-size: 10.5pt;font-family: 'Arial','sans-serif';color: #2c3e50\">13\/04\/2016 \u2013<span class=\"apple-converted-space\">\u00a0<\/span><strong><span style=\"font-family: 'Arial','sans-serif'\">Matr\u00edcula<\/span><\/strong><span class=\"apple-converted-space\">\u00a0<\/span>para alunos especiais<\/span><\/p>\n<p style=\"line-height: 15.0pt;background: white;margin: 0cm 0cm 7.9pt 0cm\"><span style=\"font-size: 10.5pt;font-family: 'Arial','sans-serif';color: #2c3e50\">\u00a0<\/span><\/p>\n<p style=\"line-height: 15.0pt;background: white;margin: 0cm 0cm 7.9pt 0cm\"><u><span style=\"font-size: 10.5pt;font-family: 'Arial','sans-serif';color: #2c3e50\">Pode ser feita inscri\u00e7\u00e3o em apenas<span class=\"apple-converted-space\">\u00a0<\/span><strong><span style=\"font-family: 'Arial','sans-serif'\">uma<\/span><\/strong><span class=\"apple-converted-space\">\u00a0<\/span>das disciplinas a seguir:<\/span><\/u><\/p>\n<p style=\"line-height: 15.0pt;background: white;margin: 0cm 0cm 7.9pt 0cm\"><span style=\"font-size: 10.5pt;font-family: 'Arial','sans-serif';color: #2c3e50\">\u00a0<\/span><\/p>\n<p style=\"line-height: 15.0pt;background: white;margin: 0cm 0cm 7.9pt 0cm\"><span style=\"font-size: 10.5pt;font-family: 'Arial','sans-serif';color: #2c3e50\">\u2013 Educa\u00e7\u00e3o Especial: pol\u00edticas, processos e pr\u00e1ticas \u2013 Prof. Nesdete:<\/span><\/p>\n<p style=\"line-height: 15.0pt;background: white;margin: 0cm 0cm 7.9pt 0cm\"><span style=\"font-size: 10.5pt;font-family: 'Arial','sans-serif';color: #2c3e50\">03.05.2016 (mat\/vesp) \u2013 8 horas<\/span><\/p>\n<p style=\"line-height: 15.0pt;background: white;margin: 0cm 0cm 7.9pt 0cm\"><span style=\"font-size: 10.5pt;font-family: 'Arial','sans-serif';color: #2c3e50\">24.05.2016 (mat) \u2013 3 horas<\/span><\/p>\n<p style=\"line-height: 15.0pt;background: white;margin: 0cm 0cm 7.9pt 0cm\"><span style=\"font-size: 10.5pt;font-family: 'Arial','sans-serif';color: #2c3e50\">07.06.2016 (mat\/vesp) \u2013 8 horas<\/span><\/p>\n<p style=\"line-height: 15.0pt;background: white;margin: 0cm 0cm 7.9pt 0cm\"><span style=\"font-size: 10.5pt;font-family: 'Arial','sans-serif';color: #2c3e50\">21.06.2016 (mat) \u2013 3 horas<\/span><\/p>\n<p style=\"line-height: 15.0pt;background: white;margin: 0cm 0cm 7.9pt 0cm\"><span style=\"font-size: 10.5pt;font-family: 'Arial','sans-serif';color: #2c3e50\">02.08.2016\u00a0(mat\/vesp) \u2013 8 horas<\/span><\/p>\n<p style=\"line-height: 15.0pt;background: white;margin: 0cm 0cm 7.9pt 0cm\"><span style=\"font-size: 10.5pt;font-family: 'Arial','sans-serif';color: #2c3e50\">\u00a0<\/span><\/p>\n<p style=\"line-height: 15.0pt;background: white;margin: 0cm 0cm 7.9pt 0cm\"><span style=\"font-size: 10.5pt;font-family: 'Arial','sans-serif';color: #2c3e50\">\u2013 Doc\u00eancia como trabalho \u2013 Prof. Il\u00eddio \u2013 \u00c0s segundas feiras, das 18h \u00e0s 22h.<\/span><\/p>\n<p style=\"line-height: 15.0pt;background: white;margin: 0cm 0cm 7.9pt 0cm\"><span style=\"font-size: 10.5pt;font-family: 'Arial','sans-serif';color: #2c3e50\">\u00a0<\/span><\/p>\n<p style=\"line-height: 15.0pt;background: white;margin: 0cm 0cm 7.9pt 0cm\"><span style=\"font-size: 10.5pt;font-family: 'Arial','sans-serif';color: #2c3e50\">Fa\u00e7a a sua inscri\u00e7\u00e3o aqui:<\/span><\/p>\n<p style=\"line-height: 15.0pt;background: white;margin: 0cm 0cm 7.9pt 0cm\"><span style=\"font-size: 10.5pt;font-family: 'Arial','sans-serif';color: #2c3e50\">\u00a0<\/span><\/p>\n<p style=\"line-height: 15.0pt;background: white;margin: 0cm 0cm 7.9pt 0cm\"><a href=\"https:\/\/docs.google.com\/forms\/d\/1cceJ4XwFOJCAhy-5LA8a9uXH_GICHLIfvC38yG_Vudo\/viewform?usp=send_form\" target=\"_blank\"><span style=\"font-size: 10.5pt;font-family: 'Arial','sans-serif'\">https:\/\/docs.google.com\/forms\/d\/1cceJ4XwFOJCAhy-5LA8a9uXH_GICHLIfvC38yG_Vudo\/viewform?usp=send_form<\/span><\/a><\/p>\n<p style=\"line-height: 15.0pt;background: white;margin: 0cm 0cm 7.9pt 0cm\"><span style=\"font-size: 10.5pt;font-family: 'Arial','sans-serif';color: #2c3e50\">\u00a0<\/span><\/p>\n<p style=\"line-height: 15.0pt;background: white;margin: 0cm 0cm 7.9pt 0cm\"><strong><span style=\"font-size: 10.5pt;font-family: 'Arial','sans-serif';color: #2c3e50\">DOCUMENTOS PARA MATR\u00cdCULA:<\/span><\/strong><\/p>\n<p style=\"line-height: 15.0pt;background: white;margin: 0cm 0cm 7.9pt 0cm\"><span style=\"font-size: 10.5pt;font-family: 'Arial','sans-serif';color: #2c3e50\">\u2013 Os alunos especiais que tiveram sua\u00a0<strong><span style=\"font-family: 'Arial','sans-serif'\">inscri\u00e7\u00e3o deferida<\/span><\/strong>\u00a0dever\u00e3o comparecer na secretaria do PPGE no dia acima mencionado para efetuar matr\u00edcula com original e c\u00f3pia de: CERTID\u00c3O DE NASCIMENTO OU CASAMENTO, RG, CPF, T\u00cdTULO DE ELEITOR, CERTIFICADO DE CONCLUS\u00c3O DE GRADUA\u00c7\u00c3O OU DIPLOMA E CERTIFICADO DE RESERVISTA.<\/span><\/p>\n<p style=\"line-height: 15.0pt;background: white;margin: 0cm 0cm 7.9pt 0cm\"><span style=\"font-size: 10.5pt;font-family: 'Arial','sans-serif';color: #2c3e50\">\u00a0<a name=\"_GoBack\"><\/a><\/span><\/p>\n<p style=\"line-height: 15.0pt;background: white;margin: 0cm 0cm 7.9pt 0cm\"><span style=\"font-size: 10.5pt;font-family: 'Arial','sans-serif';color: #2c3e50\">Em caso de d\u00favidas, entrar em contato com a Secretaria.<\/span><\/p>\n<p style=\"line-height: 15.0pt;background: white;margin: 0cm 0cm 7.9pt 0cm\"><span style=\"font-size: 10.5pt;font-family: 'Arial','sans-serif';color: #2c3e50\">Telf.: (67) 3234-6214 ou (67) 3234-6212.<\/span><\/p>\n<p style=\"line-height: 15.0pt;background: white;margin: 0cm 0cm 7.9pt 0cm\"><span style=\"font-size: 10.5pt;font-family: 'Arial','sans-serif';color: #2c3e50\">Email:\u00a0<\/span><a href=\"mailto:ppge.cpan@ufms.br\"><span style=\"font-size: 10.5pt;font-family: 'Arial','sans-serif'\">ppge.cpan@ufms.br<\/span><\/a><\/p>\n","protected":false},"excerpt":{"rendered":"<p>O PPGE\/CPAN reabre sele\u00e7\u00e3o\u00a0para alunos especiais\u00a0com ingresso no primeiro semestre de 2016. Confira as datas: \u00a0 11\/04\/2016 \u2013\u00a0Inscri\u00e7\u00e3o\u00a0para alunos especiais 12\/04\/2016 \u2013 Resultado da sele\u00e7\u00e3o dos alunos especiais no site do PPGE 13\/04\/2016 \u2013\u00a0Matr\u00edcula\u00a0para alunos especiais \u00a0 Pode ser feita inscri\u00e7\u00e3o em apenas\u00a0uma\u00a0das disciplinas a seguir: \u00a0 \u2013 Educa\u00e7\u00e3o Especial: pol\u00edticas, processos e pr\u00e1ticas \u2013 [&hellip;]<\/p>\n","protected":false},"author":2660,"featured_media":1818,"comment_status":"closed","ping_status":"open","sticky":false,"template":"","format":"standard","meta":{"footnotes":""},"categories":[1,57],"tags":[],"coauthors":[],"class_list":["post-1814","post","type-post","status-publish","format-standard","has-post-thumbnail","hentry","category-noticias","category-processos-seletivos-noticias"],"_links":{"self":[{"href":"https:\/\/ppgecpan.ufms.br\/en\/wp-json\/wp\/v2\/posts\/1814","targetHints":{"allow":["GET"]}}],"collection":[{"href":"https:\/\/ppgecpan.ufms.br\/en\/wp-json\/wp\/v2\/posts"}],"about":[{"href":"https:\/\/ppgecpan.ufms.br\/en\/wp-json\/wp\/v2\/types\/post"}],"author":[{"embeddable":true,"href":"https:\/\/ppgecpan.ufms.br\/en\/wp-json\/wp\/v2\/users\/2660"}],"replies":[{"embeddable":true,"href":"https:\/\/ppgecpan.ufms.br\/en\/wp-json\/wp\/v2\/comments?post=1814"}],"version-history":[{"count":4,"href":"https:\/\/ppgecpan.ufms.br\/en\/wp-json\/wp\/v2\/posts\/1814\/revisions"}],"predecessor-version":[{"id":1819,"href":"https:\/\/ppgecpan.ufms.br\/en\/wp-json\/wp\/v2\/posts\/1814\/revisions\/1819"}],"wp:featuredmedia":[{"embeddable":true,"href":"https:\/\/ppgecpan.ufms.br\/en\/wp-json\/wp\/v2\/media\/1818"}],"wp:attachment":[{"href":"https:\/\/ppgecpan.ufms.br\/en\/wp-json\/wp\/v2\/media?parent=1814"}],"wp:term":[{"taxonomy":"category","embeddable":true,"href":"https:\/\/ppgecpan.ufms.br\/en\/wp-json\/wp\/v2\/categories?post=1814"},{"taxonomy":"post_tag","embeddable":true,"href":"https:\/\/ppgecpan.ufms.br\/en\/wp-json\/wp\/v2\/tags?post=1814"},{"taxonomy":"author","embeddable":true,"href":"https:\/\/ppgecpan.ufms.br\/en\/wp-json\/wp\/v2\/coauthors?post=1814"}],"curies":[{"name":"wp","href":"https:\/\/api.w.org\/{rel}","templated":true}]}}