{"id":1874,"date":"2016-04-25T16:24:40","date_gmt":"2016-04-25T20:24:40","guid":{"rendered":"http:\/\/ppgecpan.draconis.ufms.br\/?p=1874"},"modified":"2016-04-29T15:29:51","modified_gmt":"2016-04-29T19:29:51","slug":"chamada-para-publicacao-revista-trabalho-politica-e-sociedade-rtps","status":"publish","type":"post","link":"https:\/\/ppgecpan.ufms.br\/en\/chamada-para-publicacao-revista-trabalho-politica-e-sociedade-rtps\/","title":{"rendered":"Chamada para publica\u00e7\u00e3o: Revista Trabalho, Pol\u00edtica e Sociedade (RTPS)"},"content":{"rendered":"<div class=\"gmail_quote\">\n<p>Prezado(a) Leitor(a),<\/p>\n<p>A Revista Trabalho, Pol\u00edtica e Sociedade (RTPS) \u00e9 uma publica\u00e7\u00e3o \u00a0semestral on-line do Grupo de Pesquisas Sobre Trabalho, Pol\u00edtica e<br \/>\nSociedade (GTPS), vinculado \u00e0 Linha de Pesquisa &#8220;Desigualdades Sociais e \u00a0Pol\u00edticas Educacionais&#8221; do Programa de P\u00f3s-Gradua\u00e7\u00e3o em Educa\u00e7\u00e3o,<br \/>\nContextos Contempor\u00e2neos e Demandas Populares (PPGEduc) da Universidade \u00a0Federal Rural do Rio de Janeiro (UFRRJ).<\/p>\n<p>A \u00eanfase da RTPS s\u00e3o estudos e pesquisas das \u00e1reas de Sociologia, \u00a0Ci\u00eancia Pol\u00edtica, Educa\u00e7\u00e3o, Servi\u00e7o Social, Hist\u00f3ria, Geografia, bem<br \/>\ncomo de outras \u00e1reas das ci\u00eancias humanas e sociais aplicadas que produzem \u00a0conhecimentos que perpassam a rela\u00e7\u00e3o ontol\u00f3gica existente entre o<br \/>\ntrabalho, a pol\u00edtica e a sociabilidade contempor\u00e2nea. Nessa perspectiva, a \u00a0RTPS foi institu\u00edda com o prop\u00f3sito de fomentar e disseminar abordagens cient\u00edficas que \u00a0estabele\u00e7am rela\u00e7\u00f5es entre: a) trabalho e rela\u00e7\u00f5es de poder; b) \u00a0trabalho e sociabilidade contempor\u00e2nea; c) trabalho e educa\u00e7\u00e3o; d)<br \/>\ntrabalho e subjetividade; e) trabalho e quest\u00f5es de g\u00eanero; f) \u00a0trabalho e quest\u00f5es \u00e9tnico-raciais; g) trabalho e desenvolvimento humano e<br \/>\nsocial; h) trabalho e cultura; i) trabalho e meio ambiente; j) trabalho e \u00a0gest\u00e3o da produ\u00e7\u00e3o, dentre outras possibilidades epistemol\u00f3gicas<br \/>\noriginadas do trabalho como refer\u00eancia anal\u00edtica. Desse modo, a RTPS \u00a0constitui uma proposta editorial de dissemina\u00e7\u00e3o de artigos, ensaios,<br \/>\nresenhas, entrevistas e tradu\u00e7\u00f5es que se insiram em um campo de \u00a0refer\u00eancia anal\u00edtica capaz de perpassar a rela\u00e7\u00e3o ontol\u00f3gica existente<br \/>\nentre o trabalho, a pol\u00edtica e a sociedade, tanto no aspecto material como \u00a0imaterial; tanto no aspecto objetivo como subjetivo; tanto no aspecto<br \/>\nestrutural como superestrutural.<\/p>\n<p>A RTPS mant\u00e9m fluxo cont\u00ednuo para submiss\u00e3o on-line de originais, de \u00a0acordo com as normas especificadas nas <a href=\"http:\/\/www.ufrrj.br\/SEER\/index.php?journal=RTPS&amp;page=index\" target=\"_blank\"><span style=\"color: #1155cc\">Diretrizes para Autores<\/span><\/a> dispon\u00edveis<br \/>\nno sitio da revista.<\/p>\n<\/div>\n<div class=\"gmail_quote\">Esta chamada \u00e9 direcionada para o envio de artigos, ensaios e resenhas para \u00a0avalia\u00e7\u00e3o, com a finalidade de publica\u00e7\u00e3o nos dois primeiros n\u00fameros da<br \/>\nrevista.Att.<br \/>\nProf. Dr. Jos\u00e9 dos Santos Souza<br \/>\nEditor Gerente da RTPS<br \/>\nProf. Dr. Jos\u00e9 dos Santos Souza<br \/>\nEditor da Revista Trabalho, Pol\u00edtica e Sociedade<br \/>\n<a href=\"http:\/\/www.ufrrj.br\/SEER\/index.php\/RTPS\" target=\"_blank\"><span style=\"color: #1155cc\">http:\/\/www.ufrrj.br\/SEER\/<\/span>index.php\/RTPS<\/a><\/div>\n","protected":false},"excerpt":{"rendered":"<p>Prezado(a) Leitor(a), A Revista Trabalho, Pol\u00edtica e Sociedade (RTPS) \u00e9 uma publica\u00e7\u00e3o \u00a0semestral on-line do Grupo de Pesquisas Sobre Trabalho, Pol\u00edtica e Sociedade (GTPS), vinculado \u00e0 Linha de Pesquisa &#8220;Desigualdades Sociais e \u00a0Pol\u00edticas Educacionais&#8221; do Programa de P\u00f3s-Gradua\u00e7\u00e3o em Educa\u00e7\u00e3o, Contextos Contempor\u00e2neos e Demandas Populares (PPGEduc) da Universidade \u00a0Federal Rural do Rio de Janeiro (UFRRJ). [&hellip;]<\/p>\n","protected":false},"author":2660,"featured_media":1875,"comment_status":"closed","ping_status":"open","sticky":false,"template":"","format":"standard","meta":{"footnotes":""},"categories":[37],"tags":[],"coauthors":[],"class_list":["post-1874","post","type-post","status-publish","format-standard","has-post-thumbnail","hentry","category-calls-for-publication"],"_links":{"self":[{"href":"https:\/\/ppgecpan.ufms.br\/en\/wp-json\/wp\/v2\/posts\/1874","targetHints":{"allow":["GET"]}}],"collection":[{"href":"https:\/\/ppgecpan.ufms.br\/en\/wp-json\/wp\/v2\/posts"}],"about":[{"href":"https:\/\/ppgecpan.ufms.br\/en\/wp-json\/wp\/v2\/types\/post"}],"author":[{"embeddable":true,"href":"https:\/\/ppgecpan.ufms.br\/en\/wp-json\/wp\/v2\/users\/2660"}],"replies":[{"embeddable":true,"href":"https:\/\/ppgecpan.ufms.br\/en\/wp-json\/wp\/v2\/comments?post=1874"}],"version-history":[{"count":3,"href":"https:\/\/ppgecpan.ufms.br\/en\/wp-json\/wp\/v2\/posts\/1874\/revisions"}],"predecessor-version":[{"id":1933,"href":"https:\/\/ppgecpan.ufms.br\/en\/wp-json\/wp\/v2\/posts\/1874\/revisions\/1933"}],"wp:featuredmedia":[{"embeddable":true,"href":"https:\/\/ppgecpan.ufms.br\/en\/wp-json\/wp\/v2\/media\/1875"}],"wp:attachment":[{"href":"https:\/\/ppgecpan.ufms.br\/en\/wp-json\/wp\/v2\/media?parent=1874"}],"wp:term":[{"taxonomy":"category","embeddable":true,"href":"https:\/\/ppgecpan.ufms.br\/en\/wp-json\/wp\/v2\/categories?post=1874"},{"taxonomy":"post_tag","embeddable":true,"href":"https:\/\/ppgecpan.ufms.br\/en\/wp-json\/wp\/v2\/tags?post=1874"},{"taxonomy":"author","embeddable":true,"href":"https:\/\/ppgecpan.ufms.br\/en\/wp-json\/wp\/v2\/coauthors?post=1874"}],"curies":[{"name":"wp","href":"https:\/\/api.w.org\/{rel}","templated":true}]}}