{"id":1886,"date":"2016-04-25T16:41:11","date_gmt":"2016-04-25T20:41:11","guid":{"rendered":"http:\/\/ppgecpan.draconis.ufms.br\/?p=1886"},"modified":"2016-04-29T15:28:13","modified_gmt":"2016-04-29T19:28:13","slug":"vii-seminario-de-estudos-criticos-sobre-educacao","status":"publish","type":"post","link":"https:\/\/ppgecpan.ufms.br\/en\/vii-seminario-de-estudos-criticos-sobre-educacao\/","title":{"rendered":"VII Semin\u00e1rio de Estudos Cr\u00edticos sobre Educa\u00e7\u00e3o"},"content":{"rendered":"<div>VII Semin\u00e1rio de Estudos Cr\u00edticos sobre Educa\u00e7\u00e3o<br \/>\nDe <strong>16 a 21 de maio de 2016<\/strong> no Audit\u00f3rio C &#8211; UNESP\/IBILCE<br \/>\nRua Crist\u00f3v\u00e3o Colombo, 2265 \u2013 Jd. Nazareth<br \/>\nDia 21\/05, das 20h \u00e0s 02h a atividade cultural \u00e9 no Centro Cultural Brado, confira endere\u00e7o abaixo.Org. Centro Cultural Brado e Dept\u00ba de Educa\u00e7\u00e3o do IBILCETodas as atividades t\u00eam entrada aberta a toda popula\u00e7\u00e3o.D\u00favidas:\u00a0<a href=\"mailto:ccbrado@gmail.com\" target=\"_blank\">ccbrado@gmail.com<\/a>\u00a0ou 98104-3545 (whats)<\/p>\n<p>A- Programa\u00e7\u00e3o;<br \/>\nB- Normas para envio de resumos;<br \/>\nC- Sobre as inscri\u00e7\u00f5es;<br \/>\nD- Publica\u00e7\u00e3o;<\/p>\n<div>\n<p>E- Incentivo Cultural.<\/p>\n<p>A &#8211; PROGRAMA\u00c7\u00c3O<br \/>\n16\/05 [Segunda]\n<p>19h30- 20h30<br \/>\nAbertura do Semin\u00e1rio<br \/>\n20h30-23h<br \/>\nConfer\u00eancia de abertura \u201cEduca\u00e7\u00e3o em Vygotsky e a Emancipa\u00e7\u00e3o Humana no Jovem Marx\u201d<br \/>\nProf. Dr. Paulo Duarte Paes, UFMS\/Campo Grande\/MS<\/p>\n<p>17\/05 [Ter\u00e7a]\n<p>14h-17h30<br \/>\nMinicurso I \u201cO Cancionista Chico Buarque\u201d<br \/>\nProf. Dr. Antonio Rodrigues Belon, UFMS\/Tr\u00eas Lagoas<br \/>\n19h15- 23h<br \/>\nPalestra \u201cA Linha, o C\u00edrculo e a Espiral: as perspectivas na Educa\u00e7\u00e3o\u201d<br \/>\nProf. Dr. Antonio Rodrigues Belon, UFMS\/Tr\u00eas Lagoas<\/p>\n<p>18\/05 {Quarta]\n<p>14h-17h30<br \/>\nMinicurso II \u00abPersonagens Marginalizados e o Ensino de Literatura para o P\u00fablico Infanto-Juvenil\u00bb<br \/>\nProf. Mestranda Ana Clara Marques de Medeiros, UNESP\/IBILCE<\/p>\n<p>19h15- 23h<br \/>\nPalestra \u00abTrabalho Prec\u00e1rio e os Docentes no Brasil e Portugal\u00bb<br \/>\nProf. Doutoranda Patricia ****** Piovezan, UNESP\/Mar\u00edlia<br \/>\nProf. Doutorando Claudio Rodrigues da Silva, UNESP\/ Mar\u00edlia<\/p>\n<p>19\/05 [Quinta]\n<p>14h-18h<br \/>\nApresenta\u00e7\u00e3o de Trabalhos<br \/>\n19h15- 23h<br \/>\nPalestra: \u201cAs Lutas em Defesa da Educa\u00e7\u00e3o no Contexto Nacional\u201d<br \/>\nProf. Wilian Felippe, docente de sociologia da rede estadual de SP, membro da dire\u00e7\u00e3o da Apeoesp\/Oposi\u00e7\u00e3o Alternativa\/Tabo\u00e3o da Serra\/SP<\/p>\n<p>20\/05 [Sexta]\n<p>14h-18h<br \/>\nApresenta\u00e7\u00e3o de trabalhos<br \/>\n19h15- 20h<br \/>\nApresenta\u00e7\u00e3o Cultural, Tango com o M\u00fasico e Prof. Andr\u00e9 Postigo.<br \/>\n20h-23h<br \/>\nConfer\u00eancia de encerramento \u201cA pedagogia hist\u00f3rico-cr\u00edtica e a forma\u00e7\u00e3o humana\u201d<br \/>\nProf. Doutorando Efrain Maciel, UNESP\/Araraquara<\/p>\n<p>21\/05 [S\u00e1bado]\n<p>Atividade Cultural de Encerramento<br \/>\n20h-02h \u201cXII Sarau do Brado\u201d<br \/>\nLocal: Centro Cultural Brado &#8211; Rua Izaias Luciano da Silva, 134 &#8211; Caic II (Antiga rua 18)<br \/>\nEntrada aberta. Confira todas as informa\u00e7\u00f5es do evento na p\u00e1gina do FB.<\/p>\n<p>B \u2013 NORMAS PARA ENVIO DE RESUMO<\/p>\n<p>1) O prazo m\u00e1ximo para envio de resumos \u00e9 08 de maio de 2016.<\/p>\n<p>2) \u00c9 necess\u00e1rio estar inscrito no semin\u00e1rio, ou seja, junto com seu trabalho envie o comprovante de dep\u00f3sito da taxa de inscri\u00e7\u00e3o \u2018escaneado\u2019 com seu nome escrito no recibo. (ou nome de todos os inscritos). Todavia, guarde o comprovante de dep\u00f3sito.<\/p>\n<p>3) Junto ao trabalho, dentro das normas (veja abaixo) \u00e9 necess\u00e1rio enviar os seguinte dados:<br \/>\n&#8211; Nome completo<br \/>\n&#8211; RG<br \/>\n&#8211; Email<br \/>\n&#8211; Institui\u00e7\u00e3o que pertence<\/p>\n<p>4) Os resumos devem ser escritos em portugu\u00eas, no formato &#8220;Word&#8221; do Windows, fonte 12, fonte &#8216;Time New Ronan&#8217; e espa\u00e7o simples. Devem ter no m\u00ednimo 20 linhas e no m\u00e1ximo 25 linhas. Deve ter 3 cm de margem cima\/baixo\/direita\/esquerda. No cabe\u00e7\u00e1rio deve constar apenas: t\u00edtulo do resumo; nome do autor\/autores; qual institui\u00e7\u00e3o pertence; email de contato.<br \/>\nNada al\u00e9m disso, nem gr\u00e1ficos, nem refer\u00eancias bibliogr\u00e1ficas, nem palavras-chave, nem notas.<\/p>\n<p>5) Obs.: co-autores e orientadores devem estar obrigatoriamente inscritos caso queiram certificados de apresenta\u00e7\u00e3o de trabalho.<br \/>\nS\u00f3 ser\u00e1 aceito 1 trabalho por autor principal.<\/p>\n<p>6) ATEN\u00c7\u00c3O: Sem o preenchimento das normas acima descritas, o trabalho poder\u00e1 n\u00e3o ser\u00e1 aceito. Antes de enviar o trabalho, verifique se este atende a todas as normas.<\/p>\n<p>7) Num prazo de no m\u00e1ximo 48hr ser\u00e1 enviado um email confirmando o recebimento do trabalho e a sua aprova\u00e7\u00e3o.<br \/>\nO local de apresenta\u00e7\u00e3o ser\u00e1 informado nos dias das apresenta\u00e7\u00f5es.<\/p>\n<p>8) Eixos tem\u00e1ticos:<\/p>\n<p>&#8211; Educa\u00e7\u00e3o e Marxismo<br \/>\n&#8211; Educa\u00e7\u00e3o e Pol\u00edticas P\u00fablicas<br \/>\n&#8211; Educa\u00e7\u00e3o e Ideologia<br \/>\n&#8211; Educa\u00e7\u00e3o, Arte e Cultura<br \/>\n&#8211; Educa\u00e7\u00e3o, Classe e G\u00eanero<br \/>\n&#8211; Educa\u00e7\u00e3o e Forma\u00e7\u00e3o de Professores\/as<\/p>\n<p>C \u2013 SOBRE AS INSCRI\u00c7\u00d5ES<br \/>\n(200 vagas)<\/p>\n<p>1) Como posso me inscrever?<\/p>\n<p>&#8211; Pessoalmente:<\/p>\n<p>De 02 de maio \u00e0 16 de maio no sagu\u00e3o de entrada do Ibilce.<br \/>\nDas 16h30 \u00e0s 19h de segunda a sexta.<\/p>\n<p>De o2 de abril \u00e0 14 de maio, somente aos s\u00e1bados!<br \/>\nDas 13h \u00e0s 18h no Centro Cultural Brado<br \/>\nRua Izaias Luciano da Silva, 134 &#8211; Caic II (Antiga rua 18)<\/p>\n<p>&#8211; Por email:<\/p>\n<p>Envie seus dados, mais o comprovante de dep\u00f3sito da taxa de inscri\u00e7\u00e3o escaneado com seu nome para:<\/p>\n<p><a href=\"mailto:ccbrado@gmail.com\" target=\"_blank\">ccbrado@gmail.com<\/a><\/p>\n<p>TAXA DE INSCRI\u00c7\u00c3O<\/p>\n<p>A taxa de inscri\u00e7\u00e3o \u00e9 necess\u00e1ria para aquisi\u00e7\u00e3o do Certificado de participa\u00e7\u00e3o e Carga Hor\u00e1ria e\/ou se o inscrito pretende apresentar algum trabalho.<\/p>\n<p>1) Dados para efetuar o dep\u00f3sito:<\/p>\n<p>BANCO DO BRASIL<br \/>\nAg\u00eancia: 6920-5<br \/>\nConta Poupan\u00e7a: 190.334-9 (Var. 051)<br \/>\nMarcos E. Rodrigues Alves<br \/>\n(Caso necessite do CPF entre em contato)<\/p>\n<p>2 \u2013 Valores das taxas de inscri\u00e7\u00f5es:<\/p>\n<p>Estudantes de gradua\u00e7\u00e3o, p\u00f3s-gradua\u00e7\u00e3o e estudantes em geral: $30<br \/>\nProfessores da rede municipal e estadual e outros profissionais: $40<br \/>\nProfessores universit\u00e1rios: $70<br \/>\nTaxa solid\u00e1ria ao semin\u00e1rio (opcional): $100 reais<\/p>\n<p>Certificado de participa\u00e7\u00e3o e carga hor\u00e1ria de 40h.<\/p>\n<p>D &#8211; Publica\u00e7\u00e3o<\/p>\n<p>Todos os trabalhos enviados, aprovados e apresentados ser\u00e3o publicados no Anais do semin\u00e1rio junto com o ISBN.<\/p>\n<p>D\u00favidas?<br \/>\nQualquer que seja estamos disposi\u00e7\u00e3o nos contatos abaixo.<\/p>\n<p><a href=\"mailto:ccbrado@gmail.com\" target=\"_blank\">ccbrado@gmail.com<\/a><\/p>\n<p>(17) 98104-3545 (whats)<br \/>\n(17) 3238-1271<\/p>\n<p>E \u2013 INCENTIVO CULTURAL<\/p>\n<p>Cursinho Alternativo<br \/>\nFone: (17) 3225-3439<br \/>\nDiret\u00f3rio Acad\u00eamico \u201cFilosofia\u201d\/DAF<br \/>\nCentro Cultural Brado<br \/>\n(17) 98104-3545<br \/>\nCantina do Gil<br \/>\n3232-2390<br \/>\nRicardo Sport Wear<br \/>\n98816-1840<br \/>\nRestaurante Galinha Gorda<br \/>\n99129-2520<br \/>\nSebo Esta\u00e7\u00e3o Cultural<br \/>\n3353-0571<br \/>\nTorre do Tombo<br \/>\n3222-4626<br \/>\nVUNESP<br \/>\nFAPERP<\/p>\n<p>] &#8212;&#8212;&#8212;- &#8220;Feirinha de Livros&#8221; &#8212;&#8212;&#8212;&#8211;[<br \/>\nTodas as noites teremos uma feirinha de livros usados e novos em prol o Centro Cultural Brado.<br \/>\nInforma\u00e7\u00f5es: 98104-3545<span style=\"color: #888888\"><br \/>\n<\/span><\/p>\n<\/div>\n<\/div>\n","protected":false},"excerpt":{"rendered":"<p>VII Semin\u00e1rio de Estudos Cr\u00edticos sobre Educa\u00e7\u00e3o De 16 a 21 de maio de 2016 no Audit\u00f3rio C &#8211; UNESP\/IBILCE Rua Crist\u00f3v\u00e3o Colombo, 2265 \u2013 Jd. Nazareth Dia 21\/05, das 20h \u00e0s 02h a atividade cultural \u00e9 no Centro Cultural Brado, confira endere\u00e7o abaixo.Org. Centro Cultural Brado e Dept\u00ba de Educa\u00e7\u00e3o do IBILCETodas as atividades [&hellip;]<\/p>\n","protected":false},"author":2660,"featured_media":1887,"comment_status":"closed","ping_status":"open","sticky":false,"template":"","format":"standard","meta":{"footnotes":""},"categories":[10,39],"tags":[],"coauthors":[],"class_list":["post-1886","post","type-post","status-publish","format-standard","has-post-thumbnail","hentry","category-eventos","category-eventos-externos"],"_links":{"self":[{"href":"https:\/\/ppgecpan.ufms.br\/en\/wp-json\/wp\/v2\/posts\/1886","targetHints":{"allow":["GET"]}}],"collection":[{"href":"https:\/\/ppgecpan.ufms.br\/en\/wp-json\/wp\/v2\/posts"}],"about":[{"href":"https:\/\/ppgecpan.ufms.br\/en\/wp-json\/wp\/v2\/types\/post"}],"author":[{"embeddable":true,"href":"https:\/\/ppgecpan.ufms.br\/en\/wp-json\/wp\/v2\/users\/2660"}],"replies":[{"embeddable":true,"href":"https:\/\/ppgecpan.ufms.br\/en\/wp-json\/wp\/v2\/comments?post=1886"}],"version-history":[{"count":4,"href":"https:\/\/ppgecpan.ufms.br\/en\/wp-json\/wp\/v2\/posts\/1886\/revisions"}],"predecessor-version":[{"id":1934,"href":"https:\/\/ppgecpan.ufms.br\/en\/wp-json\/wp\/v2\/posts\/1886\/revisions\/1934"}],"wp:featuredmedia":[{"embeddable":true,"href":"https:\/\/ppgecpan.ufms.br\/en\/wp-json\/wp\/v2\/media\/1887"}],"wp:attachment":[{"href":"https:\/\/ppgecpan.ufms.br\/en\/wp-json\/wp\/v2\/media?parent=1886"}],"wp:term":[{"taxonomy":"category","embeddable":true,"href":"https:\/\/ppgecpan.ufms.br\/en\/wp-json\/wp\/v2\/categories?post=1886"},{"taxonomy":"post_tag","embeddable":true,"href":"https:\/\/ppgecpan.ufms.br\/en\/wp-json\/wp\/v2\/tags?post=1886"},{"taxonomy":"author","embeddable":true,"href":"https:\/\/ppgecpan.ufms.br\/en\/wp-json\/wp\/v2\/coauthors?post=1886"}],"curies":[{"name":"wp","href":"https:\/\/api.w.org\/{rel}","templated":true}]}}