{"id":1915,"date":"2016-04-28T15:29:16","date_gmt":"2016-04-28T19:29:16","guid":{"rendered":"http:\/\/ppgecpan.draconis.ufms.br\/?p=1915"},"modified":"2016-04-29T15:27:27","modified_gmt":"2016-04-29T19:27:27","slug":"1915-2","status":"publish","type":"post","link":"https:\/\/ppgecpan.ufms.br\/en\/1915-2\/","title":{"rendered":"I Col\u00f3quio Estadual de Direitos Humanos (SEDHAST\/Governo do Estado): 3 e 4 de maio de 2016"},"content":{"rendered":"<p>Prezados\/as, segue abaixo o convite recebido, juntamente com a programa\u00e7\u00e3o do <strong>I Col\u00f3quio Estadual de Direitos Humanos<\/strong>, promovido pela SEDHAST\/Governo do Estado nos pr\u00f3ximos dias 3 e 4 de maio de 2016. Como dito no <em>folder<\/em>, um dos objetivos deste evento \u00e9 propor um momento de articula\u00e7\u00e3o e troca de conhecimento entre os diversos segmentos envolvidos na tem\u00e1tica de direitos humanos.<\/p>\n<div><\/div>\n<div>Abertura do evento (03\/05 &#8211; a partir das 18h).<\/div>\n<div><\/div>\n<div>Programa\u00e7\u00e3o:<\/div>\n<div><\/div>\n<div>8h00: A Pol\u00edtica Estadual de Direitos Humanos Frente \u00e0 Realidade Contempor\u00e2nea;<\/div>\n<div>8h20: Pol\u00edtica de Atendimento da Crian\u00e7a e do Adolescente;<\/div>\n<div>8h40: Juventude em Pauta;<\/div>\n<div>9h00: Pessoa Idosa, Fam\u00edlia e a Rede de Atendimento;<\/div>\n<div>9h20: Direitos da Mulher em Contexto;<\/div>\n<div>9h40: Debates;<\/div>\n<div>10h00: Coffee Break;<\/div>\n<div>10h20: A Expressividade da Pessoa Ind\u00edgena no Estado do MS;<\/div>\n<div>10h40: A Popula\u00e7\u00e3o Negra e sua Inser\u00e7\u00e3o Social na Pol\u00edtica de Direitos Humanos;<\/div>\n<div>11h00: A Acessibilidade da Pessoa com Defici\u00eancia em seus M\u00faltiplos Aspectos;<\/div>\n<div>11h20: PROCON &#8211; Direitos do Consumidor e Direitos Humanos;<\/div>\n<div>11h40: Debates;<\/div>\n<div>14h00: Os Direitos Humanos e a Diversidade Sexual;<\/div>\n<div>14h20: Refugiados\/Migrantes e Ap\u00e1tridas: uma realidade mundial<\/div>\n<div>14h40: Inser\u00e7\u00e3o do Mercado de Trabalho: uma quest\u00e3o de Direitos Humanos;<\/div>\n<div>15h00: Inclus\u00e3o Social e Direitos Humanos;<\/div>\n<div>15h20: Direitos Humanos e Cidadania;<\/div>\n<div>15h40: A Pol\u00edtica da Assist\u00eancia Social a Interface com os Direitos Humanos;<\/div>\n<div>16h00: Debates;<\/div>\n<div>16h20: Coffee Break\/Encerramento<\/div>\n<div>\n<div><\/div>\n<div>\n<p>A palestra de abertura estava prevista para ser proferida por Rog\u00e9rio Sottili, Secret\u00e1rio Especial de Direitos Humanos.<\/p>\n<div><\/div>\n<div>\n<div><strong>CONVITE &#8211; <a href=\"http:\/\/ppgecpan.draconis.ufms.br\/files\/2016\/04\/I-Coloquio-Est-Dir-Humanos-CONVITE.pdf\" target=\"_blank\">AQUI<\/a><\/strong><\/div>\n<div><strong>FOLDER\u00a0COM PROGRAMA\u00c7\u00c3O COMPLETA\u00a0&#8211; <a href=\"http:\/\/ppgecpan.draconis.ufms.br\/files\/2016\/04\/I-Coloquio-Est-Dir-Humanos-FOLDER-1.pdf\" target=\"_blank\">AQUI<\/a><\/strong><\/div>\n<\/div>\n<\/div>\n<\/div>\n","protected":false},"excerpt":{"rendered":"<p>Prezados\/as, segue abaixo o convite recebido, juntamente com a programa\u00e7\u00e3o do I Col\u00f3quio Estadual de Direitos Humanos, promovido pela SEDHAST\/Governo do Estado nos pr\u00f3ximos dias 3 e 4 de maio de 2016. Como dito no folder, um dos objetivos deste evento \u00e9 propor um momento de articula\u00e7\u00e3o e troca de conhecimento entre os diversos segmentos [&hellip;]<\/p>\n","protected":false},"author":2660,"featured_media":1919,"comment_status":"closed","ping_status":"open","sticky":false,"template":"","format":"standard","meta":{"footnotes":""},"categories":[10,39],"tags":[],"coauthors":[],"class_list":["post-1915","post","type-post","status-publish","format-standard","has-post-thumbnail","hentry","category-eventos","category-eventos-externos"],"_links":{"self":[{"href":"https:\/\/ppgecpan.ufms.br\/en\/wp-json\/wp\/v2\/posts\/1915","targetHints":{"allow":["GET"]}}],"collection":[{"href":"https:\/\/ppgecpan.ufms.br\/en\/wp-json\/wp\/v2\/posts"}],"about":[{"href":"https:\/\/ppgecpan.ufms.br\/en\/wp-json\/wp\/v2\/types\/post"}],"author":[{"embeddable":true,"href":"https:\/\/ppgecpan.ufms.br\/en\/wp-json\/wp\/v2\/users\/2660"}],"replies":[{"embeddable":true,"href":"https:\/\/ppgecpan.ufms.br\/en\/wp-json\/wp\/v2\/comments?post=1915"}],"version-history":[{"count":9,"href":"https:\/\/ppgecpan.ufms.br\/en\/wp-json\/wp\/v2\/posts\/1915\/revisions"}],"predecessor-version":[{"id":1928,"href":"https:\/\/ppgecpan.ufms.br\/en\/wp-json\/wp\/v2\/posts\/1915\/revisions\/1928"}],"wp:featuredmedia":[{"embeddable":true,"href":"https:\/\/ppgecpan.ufms.br\/en\/wp-json\/wp\/v2\/media\/1919"}],"wp:attachment":[{"href":"https:\/\/ppgecpan.ufms.br\/en\/wp-json\/wp\/v2\/media?parent=1915"}],"wp:term":[{"taxonomy":"category","embeddable":true,"href":"https:\/\/ppgecpan.ufms.br\/en\/wp-json\/wp\/v2\/categories?post=1915"},{"taxonomy":"post_tag","embeddable":true,"href":"https:\/\/ppgecpan.ufms.br\/en\/wp-json\/wp\/v2\/tags?post=1915"},{"taxonomy":"author","embeddable":true,"href":"https:\/\/ppgecpan.ufms.br\/en\/wp-json\/wp\/v2\/coauthors?post=1915"}],"curies":[{"name":"wp","href":"https:\/\/api.w.org\/{rel}","templated":true}]}}