{"id":1936,"date":"2016-05-05T13:35:39","date_gmt":"2016-05-05T17:35:39","guid":{"rendered":"http:\/\/ppgecpan.draconis.ufms.br\/?p=1936"},"modified":"2016-05-23T16:37:31","modified_gmt":"2016-05-23T20:37:31","slug":"1936-2","status":"publish","type":"post","link":"https:\/\/ppgecpan.ufms.br\/en\/1936-2\/","title":{"rendered":"Convite PPGE\/CPAN: Semin\u00e1rio Dia Nacional de Enfrentamento \u00e0 Explora\u00e7\u00e3o Sexual de Crian\u00e7as e Adolescentes"},"content":{"rendered":"<p><a href=\"http:\/\/ppgecpan.draconis.ufms.br\/files\/2016\/05\/18-maio.png\" rel=\"attachment wp-att-1944\"><img fetchpriority=\"high\" decoding=\"async\" class=\"alignnone size-medium wp-image-1944\" src=\"http:\/\/ppgecpan.draconis.ufms.br\/files\/2016\/05\/18-maio-300x182.png\" alt=\"18 maio\" width=\"300\" height=\"182\" srcset=\"https:\/\/ppgecpan.ufms.br\/files\/2016\/05\/18-maio-300x182.png 300w, https:\/\/ppgecpan.ufms.br\/files\/2016\/05\/18-maio-768x465.png 768w, https:\/\/ppgecpan.ufms.br\/files\/2016\/05\/18-maio-529x320.png 529w, https:\/\/ppgecpan.ufms.br\/files\/2016\/05\/18-maio.png 947w\" sizes=\"(max-width: 300px) 100vw, 300px\" \/><\/a><\/p>\n<p>&nbsp;<\/p>\n<p>&nbsp;<\/p>\n<p><strong>A Universidade, o Poder P\u00fablico e a Comunidade, olhares em perspectiva\u00a0<\/strong><\/p>\n<p>&nbsp;<\/p>\n<p>&nbsp;<\/p>\n<p>&nbsp;<\/p>\n<p><strong>17 de maio de 2016<\/strong><\/p>\n<p>Local: Anfiteatro Salom\u00e3o Baruki<\/p>\n<p><strong>15h00<\/strong>\u00a0\u2013 Abertura \u2013 Dire\u00e7\u00e3o CPAN<\/p>\n<p><strong>15h30<\/strong>\u00a0\u2013 Confer\u00eancia \u2013 Panorama\u00a0e perspectivas do Enfrentamento a Explora\u00e7\u00e3o Sexual de Crian\u00e7as e Adolescentes no Brasil \u2013\u00a0<strong>Dra. Tha\u00eds<\/strong><strong>\u00a0<\/strong><strong>Dumet Farias \u2013 Organiza\u00e7\u00e3o Internacional do Trabalho \u2013 OIT.<\/strong><\/p>\n<p><strong>16h45 \u2013 Intervalo<\/strong><\/p>\n<p><strong>17h00 \u2013\u00a0 O livro:<\/strong><strong>\u00a0<\/strong>Explora\u00e7\u00e3o sexual comercial de crian\u00e7as e adolescentes e tr\u00e1fico para os mesmos fins: contribui\u00e7\u00f5es para o enfrentamento a partir de experi\u00eancias em Corumb\u00e1-MS \u2013\u00a0 O olhar da Universidade 10 anos depois.\u00a0 \u2013\u00a0\u00a0<strong>Profas. Dras. M\u00f4nica de Carvalho Magalh\u00e3es<\/strong><strong>\u00a0<\/strong><strong>Kassar <\/strong><strong>e Anamaria<\/strong><strong>\u00a0<\/strong><strong>Santana da Silva \u2013 UFMS\/CPAN\/PPGE<\/strong><\/p>\n<p><strong>18h30<\/strong>\u00a0\u2013\u00a0 Os munic\u00edpios de Corumb\u00e1 e Lad\u00e1rio e o enfrentamento \u00e0 explora\u00e7\u00e3o sexual de crian\u00e7as e adolescentes na fronteira Brasil e Bol\u00edvia \u2013 <strong>Secretarias Municipais de Assist\u00eancia Social<\/strong><\/p>\n<p>&#8212;&#8212;&#8212;&#8212;&#8212;&#8212;&#8212;&#8212;&#8212;&#8212;&#8211;<\/p>\n<p><strong>18 de maio de 2016<\/strong><\/p>\n<p>Local: Sala H-108<\/p>\n<p>19h00 \u2013 Exibi\u00e7\u00e3o e debate<\/p>\n<p>Filme: Anjos do Sol<\/p>\n<p><strong>Anjos<\/strong><strong>\u00a0<\/strong><strong>do sol<\/strong>\u00a0\u00e9 um\u00a0filme\u00a0brasileiro<\/p>\n<p>que trata sobre a explora\u00e7\u00e3o sexual\u00a0comercial de crian\u00e7as e\u00a0adolescentes. \u00c9 o primeiro filme\u00a0de\u00a0Rudi \u201cFoguinho\u201d Lagemann.<\/p>\n<p>No elenco est\u00e3o, entre outros,\u00a0Antonio Calloni,\u00a0Vera Holtz,\u00a0Chico Diaz,\u00a0Roberta Santiago,\u00a0Ot\u00e1vio Augusto,\u00a0Mary Sheyla,\u00a0Darlene Gl\u00f3ria (no papel da cafetina Vera),\u00a0Bianca Comparato\u00a0e a estreante\u00a0Fernanda Carvalho,\u00a0a protagonista, que tinha apenas onze anos\u00a0na \u00e9poca das filmagens.<\/p>\n<p>A\u00a0trilha sonora\u00a0original conta com\u00a0composi\u00e7\u00f5es do ga\u00facho Flu,\u00a0Felipe Radicetti e de Nervoso.<\/p>\n<p>2006 \u2013 colorido \u2013\u00a0 92 minutos<\/p>\n<p>Debatedoras:<\/p>\n<p>\u2013<strong>Dra. Tha\u00eds<\/strong><strong>\u00a0<\/strong><strong>Dumet<\/strong><strong>\u00a0<\/strong><strong>Farias \u2013 Organiza\u00e7\u00e3o Internacional do Trabalho \u2013 OIT<\/strong><\/p>\n<p>\u2013<strong>Profa. Dra. Cl\u00e1udia Ara\u00fajo de Lima<\/strong><\/p>\n<p>\u2013<strong>Profa.<\/strong><strong>\u00a0<\/strong><strong>Msc. Vivian Veiga<\/strong><\/p>\n<p>&nbsp;<\/p>\n<p><strong>FOLDER &#8211; <a href=\"http:\/\/ppgecpan.draconis.ufms.br\/files\/2016\/05\/EVENTO-PPGE-18-DE-MAIO-DE-2016-1-1.pdf\" target=\"_blank\">AQUI<\/a><\/strong><\/p>\n<p>Livro:<\/p>\n<p><a href=\"http:\/\/creia.draconis.ufms.br\/files\/2015\/07\/esci_trafico_br.pdf\" target=\"_blank\"><span style=\"color: #0088b7\">SILVA, Anamaria Santana da; SENNA, Ester; KASSAR, M\u00f4nica de Carvalho Magalh\u00e3es. (Orgs.). Explora\u00e7\u00e3o sexual comercial de crian\u00e7as e adolescentes e tr\u00e1fico para os mesmos fins: contribui\u00e7\u00f5es para o enfrentamento a partir de experi\u00eancias em Corumb\u00e1-MS. Bras\u00edlia: OIT, 2005.<\/span><\/a><\/p>\n","protected":false},"excerpt":{"rendered":"<p>&nbsp; &nbsp; A Universidade, o Poder P\u00fablico e a Comunidade, olhares em perspectiva\u00a0 &nbsp; &nbsp; &nbsp; 17 de maio de 2016 Local: Anfiteatro Salom\u00e3o Baruki 15h00\u00a0\u2013 Abertura \u2013 Dire\u00e7\u00e3o CPAN 15h30\u00a0\u2013 Confer\u00eancia \u2013 Panorama\u00a0e perspectivas do Enfrentamento a Explora\u00e7\u00e3o Sexual de Crian\u00e7as e Adolescentes no Brasil \u2013\u00a0Dra. Tha\u00eds\u00a0Dumet Farias \u2013 Organiza\u00e7\u00e3o Internacional do Trabalho \u2013 [&hellip;]<\/p>\n","protected":false},"author":2660,"featured_media":1969,"comment_status":"closed","ping_status":"open","sticky":false,"template":"","format":"standard","meta":{"footnotes":""},"categories":[10,38,1],"tags":[],"coauthors":[],"class_list":["post-1936","post","type-post","status-publish","format-standard","has-post-thumbnail","hentry","category-eventos","category-eventos-internos","category-noticias"],"_links":{"self":[{"href":"https:\/\/ppgecpan.ufms.br\/en\/wp-json\/wp\/v2\/posts\/1936","targetHints":{"allow":["GET"]}}],"collection":[{"href":"https:\/\/ppgecpan.ufms.br\/en\/wp-json\/wp\/v2\/posts"}],"about":[{"href":"https:\/\/ppgecpan.ufms.br\/en\/wp-json\/wp\/v2\/types\/post"}],"author":[{"embeddable":true,"href":"https:\/\/ppgecpan.ufms.br\/en\/wp-json\/wp\/v2\/users\/2660"}],"replies":[{"embeddable":true,"href":"https:\/\/ppgecpan.ufms.br\/en\/wp-json\/wp\/v2\/comments?post=1936"}],"version-history":[{"count":16,"href":"https:\/\/ppgecpan.ufms.br\/en\/wp-json\/wp\/v2\/posts\/1936\/revisions"}],"predecessor-version":[{"id":1975,"href":"https:\/\/ppgecpan.ufms.br\/en\/wp-json\/wp\/v2\/posts\/1936\/revisions\/1975"}],"wp:featuredmedia":[{"embeddable":true,"href":"https:\/\/ppgecpan.ufms.br\/en\/wp-json\/wp\/v2\/media\/1969"}],"wp:attachment":[{"href":"https:\/\/ppgecpan.ufms.br\/en\/wp-json\/wp\/v2\/media?parent=1936"}],"wp:term":[{"taxonomy":"category","embeddable":true,"href":"https:\/\/ppgecpan.ufms.br\/en\/wp-json\/wp\/v2\/categories?post=1936"},{"taxonomy":"post_tag","embeddable":true,"href":"https:\/\/ppgecpan.ufms.br\/en\/wp-json\/wp\/v2\/tags?post=1936"},{"taxonomy":"author","embeddable":true,"href":"https:\/\/ppgecpan.ufms.br\/en\/wp-json\/wp\/v2\/coauthors?post=1936"}],"curies":[{"name":"wp","href":"https:\/\/api.w.org\/{rel}","templated":true}]}}