{"id":1959,"date":"2016-05-06T12:25:02","date_gmt":"2016-05-06T16:25:02","guid":{"rendered":"http:\/\/ppgecpan.draconis.ufms.br\/?p=1959"},"modified":"2016-05-06T19:15:01","modified_gmt":"2016-05-06T23:15:01","slug":"1959-2","status":"publish","type":"post","link":"https:\/\/ppgecpan.ufms.br\/en\/1959-2\/","title":{"rendered":"Encontro de Pesquisa em Rela\u00e7\u00f5es Internacionais &#8211; EPRI, 13 a 17 de junho de 2016, Unesp Mar\u00edlia"},"content":{"rendered":"<p>O\u00a0\u201cEncontro de Pesquisa em Rela\u00e7\u00f5es Internacionais &#8211; EPRI\u201d acontecer\u00e1 de 13 a 17 de junho de 2016, na Unesp Mar\u00edlia.<\/p>\n<p>As inscri\u00e7\u00f5es de propostas de trabalho ser\u00e3o recebidas at\u00e9 8 de maio de 2016 e podem ser feitas pelo site:\u00a0<a href=\"http:\/\/goo.gl\/Fln30y\">http:\/\/goo.gl\/Fln30y<\/a>. O evento contar\u00e1 com as seguintes modalidades de apresenta\u00e7\u00f5es de pesquisas: Doutorado, Mestrado e Gradua\u00e7\u00e3o (apresenta\u00e7\u00f5es orais e pain\u00e9is).<\/p>\n<p>Na abertura, o professor Clodoaldo Bueno, um dos maiores especialistas em Hist\u00f3ria da Pol\u00edtica Externa Brasileira, proferir\u00e1 a palestra \u201cO Brasil e o Integracionismo: do ABC (1915) \u00e0 Opera\u00e7\u00e3o Pan-Americana (1958)\u201d, no dia 13\/06, \u00e0s 19h, no Anfiteatro da Unesp Mar\u00edlia. As apresenta\u00e7\u00f5es das pesquisas acontecer\u00e3o nos dias 14, 15 e 16 de junho e a premia\u00e7\u00e3o dos melhores trabalhos acontecer\u00e1 no dia 17 de junho.<\/p>\n<p>O Encontro de Pesquisa em Rela\u00e7\u00f5es Internacionais tem o objetivo de incentivar e fortalecer a produ\u00e7\u00e3o cient\u00edfica entre os estudantes de gradua\u00e7\u00e3o, mestrado e doutorado no campo de Rela\u00e7\u00f5es Internacionais e \u00e1reas correlatas n\u00e3o apenas da Unesp, mas tamb\u00e9m de outras institui\u00e7\u00f5es de ensino do Brasil. Para auxiliar os estudantes de outras cidades que vir\u00e3o para o evento, o PET RI disponibiliza um Programa de Hospedagem Solid\u00e1ria, no qual os\u00a0participantes\u00a0poder\u00e3o ficar nas casas de estudantes da Unesp durante os dias do evento. O cadastro pode ser feito em:\u00a0<a href=\"http:\/\/l.facebook.com\/l.php?u=http%3A%2F%2Fgoo.gl%2Fforms%2Ffp46rNxv8X&amp;h=xAQGJnHZs\">http:\/\/goo.gl\/forms\/fp46rNxv8X<\/a>.<\/p>\n<p>Evento no Facebook:\u00a0<a href=\"https:\/\/www.facebook.com\/events\/950844024964733\">https:\/\/www.facebook.com\/events\/950844024964733<\/a><\/p>\n<p><a href=\"http:\/\/ppgecpan.draconis.ufms.br\/files\/2016\/05\/Programa\u00e7\u00e3o-EPRI.png\" target=\"_blank\">PROGRAMA\u00c7\u00c3O<\/a><\/p>\n<p><a href=\"http:\/\/ppgecpan.draconis.ufms.br\/files\/2016\/05\/Submiss\u00e3o-de-Propostas-EPRI.png\" target=\"_blank\">SUBMISS\u00c3O<\/a><\/p>\n","protected":false},"excerpt":{"rendered":"<p>O\u00a0\u201cEncontro de Pesquisa em Rela\u00e7\u00f5es Internacionais &#8211; EPRI\u201d acontecer\u00e1 de 13 a 17 de junho de 2016, na Unesp Mar\u00edlia. As inscri\u00e7\u00f5es de propostas de trabalho ser\u00e3o recebidas at\u00e9 8 de maio de 2016 e podem ser feitas pelo site:\u00a0http:\/\/goo.gl\/Fln30y. O evento contar\u00e1 com as seguintes modalidades de apresenta\u00e7\u00f5es de pesquisas: Doutorado, Mestrado e Gradua\u00e7\u00e3o [&hellip;]<\/p>\n","protected":false},"author":2660,"featured_media":1960,"comment_status":"closed","ping_status":"open","sticky":false,"template":"","format":"standard","meta":{"footnotes":""},"categories":[10,39],"tags":[],"coauthors":[],"class_list":["post-1959","post","type-post","status-publish","format-standard","has-post-thumbnail","hentry","category-eventos","category-eventos-externos"],"_links":{"self":[{"href":"https:\/\/ppgecpan.ufms.br\/en\/wp-json\/wp\/v2\/posts\/1959","targetHints":{"allow":["GET"]}}],"collection":[{"href":"https:\/\/ppgecpan.ufms.br\/en\/wp-json\/wp\/v2\/posts"}],"about":[{"href":"https:\/\/ppgecpan.ufms.br\/en\/wp-json\/wp\/v2\/types\/post"}],"author":[{"embeddable":true,"href":"https:\/\/ppgecpan.ufms.br\/en\/wp-json\/wp\/v2\/users\/2660"}],"replies":[{"embeddable":true,"href":"https:\/\/ppgecpan.ufms.br\/en\/wp-json\/wp\/v2\/comments?post=1959"}],"version-history":[{"count":2,"href":"https:\/\/ppgecpan.ufms.br\/en\/wp-json\/wp\/v2\/posts\/1959\/revisions"}],"predecessor-version":[{"id":1967,"href":"https:\/\/ppgecpan.ufms.br\/en\/wp-json\/wp\/v2\/posts\/1959\/revisions\/1967"}],"wp:featuredmedia":[{"embeddable":true,"href":"https:\/\/ppgecpan.ufms.br\/en\/wp-json\/wp\/v2\/media\/1960"}],"wp:attachment":[{"href":"https:\/\/ppgecpan.ufms.br\/en\/wp-json\/wp\/v2\/media?parent=1959"}],"wp:term":[{"taxonomy":"category","embeddable":true,"href":"https:\/\/ppgecpan.ufms.br\/en\/wp-json\/wp\/v2\/categories?post=1959"},{"taxonomy":"post_tag","embeddable":true,"href":"https:\/\/ppgecpan.ufms.br\/en\/wp-json\/wp\/v2\/tags?post=1959"},{"taxonomy":"author","embeddable":true,"href":"https:\/\/ppgecpan.ufms.br\/en\/wp-json\/wp\/v2\/coauthors?post=1959"}],"curies":[{"name":"wp","href":"https:\/\/api.w.org\/{rel}","templated":true}]}}