{"id":1976,"date":"2016-05-27T08:15:20","date_gmt":"2016-05-27T12:15:20","guid":{"rendered":"http:\/\/ppgecpan.draconis.ufms.br\/?p=1976"},"modified":"2016-07-08T16:57:24","modified_gmt":"2016-07-08T20:57:24","slug":"edital-selecao-de-candidatos-estrangeiros","status":"publish","type":"post","link":"https:\/\/ppgecpan.ufms.br\/en\/edital-selecao-de-candidatos-estrangeiros\/","title":{"rendered":"Inscri\u00e7\u00f5es abertas para sele\u00e7\u00e3o de candidatos estrangeiros &#8211; Mestrado em Educa\u00e7\u00e3o 2016"},"content":{"rendered":"<p>O PR\u00d3-REITOR DE PESQUISA, P\u00d3S-GRADUA\u00c7\u00c3O E INOVA\u00c7\u00c3O da Funda\u00e7\u00e3o Universidade Federal de Mato Grosso do Sul, no uso de suas atribui\u00e7\u00f5es, torna p\u00fablica a abertura de inscri\u00e7\u00f5es do Processo Seletivo visando \u00e0 <strong>sele\u00e7\u00e3o de candidatos estrangeiros para preenchimento de vagas no Programa de P\u00f3s-Gradua\u00e7\u00e3o em Educa\u00e7\u00e3o<\/strong>, Curso Mestrado, do Campus do Pantanal, com <strong>tr\u00eas vagas<\/strong> para o ano 2016.<\/p>\n<p><strong>Acesse ao edital, <a href=\"http:\/\/ppgecpan.draconis.ufms.br\/files\/2016\/05\/Processo-Seletivo-Mestrado-em-Educa\u00e7\u00e3o-CPAN-estrangeiros-2016.pdf\" target=\"_blank\">AQUI<\/a>.<\/strong><\/p>\n","protected":false},"excerpt":{"rendered":"<p>O PR\u00d3-REITOR DE PESQUISA, P\u00d3S-GRADUA\u00c7\u00c3O E INOVA\u00c7\u00c3O da Funda\u00e7\u00e3o Universidade Federal de Mato Grosso do Sul, no uso de suas atribui\u00e7\u00f5es, torna p\u00fablica a abertura de inscri\u00e7\u00f5es do Processo Seletivo visando \u00e0 sele\u00e7\u00e3o de candidatos estrangeiros para preenchimento de vagas no Programa de P\u00f3s-Gradua\u00e7\u00e3o em Educa\u00e7\u00e3o, Curso Mestrado, do Campus do Pantanal, com tr\u00eas vagas [&hellip;]<\/p>\n","protected":false},"author":2660,"featured_media":1980,"comment_status":"closed","ping_status":"open","sticky":false,"template":"","format":"standard","meta":{"footnotes":""},"categories":[1,57],"tags":[],"coauthors":[],"class_list":["post-1976","post","type-post","status-publish","format-standard","has-post-thumbnail","hentry","category-noticias","category-processos-seletivos-noticias"],"_links":{"self":[{"href":"https:\/\/ppgecpan.ufms.br\/en\/wp-json\/wp\/v2\/posts\/1976","targetHints":{"allow":["GET"]}}],"collection":[{"href":"https:\/\/ppgecpan.ufms.br\/en\/wp-json\/wp\/v2\/posts"}],"about":[{"href":"https:\/\/ppgecpan.ufms.br\/en\/wp-json\/wp\/v2\/types\/post"}],"author":[{"embeddable":true,"href":"https:\/\/ppgecpan.ufms.br\/en\/wp-json\/wp\/v2\/users\/2660"}],"replies":[{"embeddable":true,"href":"https:\/\/ppgecpan.ufms.br\/en\/wp-json\/wp\/v2\/comments?post=1976"}],"version-history":[{"count":7,"href":"https:\/\/ppgecpan.ufms.br\/en\/wp-json\/wp\/v2\/posts\/1976\/revisions"}],"predecessor-version":[{"id":2024,"href":"https:\/\/ppgecpan.ufms.br\/en\/wp-json\/wp\/v2\/posts\/1976\/revisions\/2024"}],"wp:featuredmedia":[{"embeddable":true,"href":"https:\/\/ppgecpan.ufms.br\/en\/wp-json\/wp\/v2\/media\/1980"}],"wp:attachment":[{"href":"https:\/\/ppgecpan.ufms.br\/en\/wp-json\/wp\/v2\/media?parent=1976"}],"wp:term":[{"taxonomy":"category","embeddable":true,"href":"https:\/\/ppgecpan.ufms.br\/en\/wp-json\/wp\/v2\/categories?post=1976"},{"taxonomy":"post_tag","embeddable":true,"href":"https:\/\/ppgecpan.ufms.br\/en\/wp-json\/wp\/v2\/tags?post=1976"},{"taxonomy":"author","embeddable":true,"href":"https:\/\/ppgecpan.ufms.br\/en\/wp-json\/wp\/v2\/coauthors?post=1976"}],"curies":[{"name":"wp","href":"https:\/\/api.w.org\/{rel}","templated":true}]}}