{"id":1998,"date":"2016-05-11T15:00:03","date_gmt":"2016-05-11T19:00:03","guid":{"rendered":"http:\/\/ppgecpan.draconis.ufms.br\/?p=1998"},"modified":"2016-05-11T15:07:20","modified_gmt":"2016-05-11T19:07:20","slug":"anped-centro-oeste-6-9-de-novembro-brasilia-df","status":"publish","type":"post","link":"https:\/\/ppgecpan.ufms.br\/en\/anped-centro-oeste-6-9-de-novembro-brasilia-df\/","title":{"rendered":"ANPEd Centro-Oeste \u2013 6 a 9 de novembro \u2013 Bras\u00edlia (DF)"},"content":{"rendered":"<p><a href=\"http:\/\/ppgecpan.draconis.ufms.br\/files\/2016\/05\/unb.jpg\" rel=\"attachment wp-att-2000\"><img decoding=\"async\" class=\"alignnone size-full wp-image-2000\" src=\"http:\/\/ppgecpan.draconis.ufms.br\/files\/2016\/05\/unb.jpg\" alt=\"unb\" width=\"297\" height=\"73\" \/><\/a><\/p>\n<p>O campus Darcy Ribeiro da Universidade de Bras\u00edlia (UnB) recebe o XIII Encontro de Pesquisa em Educa\u00e7\u00e3o da Regi\u00e3o Centro-Oeste, uma das cinco reuni\u00f5es cient\u00edficas regionais da ANPED que\u00a0acontecem esse ano. O tema dessa edi\u00e7\u00e3o \u00e9 \u201cProjeto Nacional de Educa\u00e7\u00e3o: desafio \u00e9ticos, pol\u00edticos e culturais\u201d. O objetivo \u00e9 divulgar a produ\u00e7\u00e3o cientifica dos programas de p\u00f3s-gradua\u00e7\u00e3o em educa\u00e7\u00e3o da regi\u00e3o centro-oeste, al\u00e9m de proporcionar a interlocu\u00e7\u00e3o cr\u00edtica de tal produ\u00e7\u00e3o acad\u00eamica, analisar a situa\u00e7\u00e3o das pol\u00edticas educacionais regionais e contribuir com o conhecimento em educa\u00e7\u00e3o.<\/p>\n<p>A\u00a0<a href=\"http:\/\/www.anpedco2016.com.br\/programacao\/\" target=\"_blank\">programa\u00e7\u00e3o<\/a>\u00a0inclui mesa e confer\u00eancia de abertura, reuni\u00f5es, apresenta\u00e7\u00f5es de trabalhos cient\u00edficos, mesas redondas, apresenta\u00e7\u00e3o cultural e lan\u00e7amentos de livros.<\/p>\n<p>O per\u00edodo de envio de trabalhos ser\u00e1 de 15 de maio a 15 de agosto. O resultado ser\u00e1 divulgado no dia 20 de setembro. As normas para submiss\u00e3o de comunica\u00e7\u00e3o oral ou p\u00f4ster est\u00e3o dispon\u00edveis no site do evento.<\/p>\n<p>Os interessados em participar do evento apenas como ouvintes t\u00eam at\u00e9 6 de novembro para realizar inscri\u00e7\u00e3o. Em ambos os casos, \u00e9 preciso ter cadastro no portal da ANPEd e a anuidade 2016 quite. Se voc\u00ea j\u00e1 \u00e9 s\u00f3cio, entre no site, siga at\u00e9 o menu \u201cAssociado\u201d, clique no sub-menu\u00a0<a href=\"http:\/\/anped.verkn.com.br\/login\" target=\"_blank\">\u201cEspa\u00e7o do Associado\u201d<\/a>\u00a0e fa\u00e7a login. Se ainda n\u00e3o \u00e9 s\u00f3cio da ANPEd,\u00a0<a href=\"http:\/\/anped.verkn.com.br\/signup\" target=\"_blank\">cadastre-se<\/a>\u00a0e efetue o pagamento do boleto.<\/p>\n<p>Em caso de d\u00favidas, entre em contato com a organiza\u00e7\u00e3o local pelo telefone (61) 3107-6244\/6243 ou pelo e-mail\u00a0\u00a0<a href=\"mailto:anpedcounb@gmail.com\" target=\"_blank\">anpedcounb@gmail.com<\/a>.<\/p>\n","protected":false},"excerpt":{"rendered":"<p>O campus Darcy Ribeiro da Universidade de Bras\u00edlia (UnB) recebe o XIII Encontro de Pesquisa em Educa\u00e7\u00e3o da Regi\u00e3o Centro-Oeste, uma das cinco reuni\u00f5es cient\u00edficas regionais da ANPED que\u00a0acontecem esse ano. O tema dessa edi\u00e7\u00e3o \u00e9 \u201cProjeto Nacional de Educa\u00e7\u00e3o: desafio \u00e9ticos, pol\u00edticos e culturais\u201d. O objetivo \u00e9 divulgar a produ\u00e7\u00e3o cientifica dos programas de [&hellip;]<\/p>\n","protected":false},"author":2660,"featured_media":1695,"comment_status":"closed","ping_status":"open","sticky":false,"template":"","format":"standard","meta":{"footnotes":""},"categories":[17,10,39,1],"tags":[],"coauthors":[],"class_list":["post-1998","post","type-post","status-publish","format-standard","has-post-thumbnail","hentry","category-destaques","category-eventos","category-eventos-externos","category-noticias"],"_links":{"self":[{"href":"https:\/\/ppgecpan.ufms.br\/en\/wp-json\/wp\/v2\/posts\/1998","targetHints":{"allow":["GET"]}}],"collection":[{"href":"https:\/\/ppgecpan.ufms.br\/en\/wp-json\/wp\/v2\/posts"}],"about":[{"href":"https:\/\/ppgecpan.ufms.br\/en\/wp-json\/wp\/v2\/types\/post"}],"author":[{"embeddable":true,"href":"https:\/\/ppgecpan.ufms.br\/en\/wp-json\/wp\/v2\/users\/2660"}],"replies":[{"embeddable":true,"href":"https:\/\/ppgecpan.ufms.br\/en\/wp-json\/wp\/v2\/comments?post=1998"}],"version-history":[{"count":1,"href":"https:\/\/ppgecpan.ufms.br\/en\/wp-json\/wp\/v2\/posts\/1998\/revisions"}],"predecessor-version":[{"id":2001,"href":"https:\/\/ppgecpan.ufms.br\/en\/wp-json\/wp\/v2\/posts\/1998\/revisions\/2001"}],"wp:featuredmedia":[{"embeddable":true,"href":"https:\/\/ppgecpan.ufms.br\/en\/wp-json\/wp\/v2\/media\/1695"}],"wp:attachment":[{"href":"https:\/\/ppgecpan.ufms.br\/en\/wp-json\/wp\/v2\/media?parent=1998"}],"wp:term":[{"taxonomy":"category","embeddable":true,"href":"https:\/\/ppgecpan.ufms.br\/en\/wp-json\/wp\/v2\/categories?post=1998"},{"taxonomy":"post_tag","embeddable":true,"href":"https:\/\/ppgecpan.ufms.br\/en\/wp-json\/wp\/v2\/tags?post=1998"},{"taxonomy":"author","embeddable":true,"href":"https:\/\/ppgecpan.ufms.br\/en\/wp-json\/wp\/v2\/coauthors?post=1998"}],"curies":[{"name":"wp","href":"https:\/\/api.w.org\/{rel}","templated":true}]}}