{"id":2004,"date":"2016-05-16T20:01:57","date_gmt":"2016-05-17T00:01:57","guid":{"rendered":"http:\/\/ppgecpan.draconis.ufms.br\/?p=2004"},"modified":"2016-05-16T20:04:01","modified_gmt":"2016-05-17T00:04:01","slug":"xiii-seminario-nacional-o-uno-e-o-diverso-na-educacao-escolar","status":"publish","type":"post","link":"https:\/\/ppgecpan.ufms.br\/en\/xiii-seminario-nacional-o-uno-e-o-diverso-na-educacao-escolar\/","title":{"rendered":"XIII Semin\u00e1rio Nacional O Uno e o Diverso na Educa\u00e7\u00e3o Escolar"},"content":{"rendered":"<div><u>XIII Semin\u00e1rio Nacional O Uno e o Diverso na Educa\u00e7\u00e3o Escolar\u00a0<\/u><u>e XVI Semana da Pedagogia<\/u>,\u00a0promovido pela <i>Linha de Pesquisa: Saberes e Pr\u00e1ticas Educativas<\/i> do<\/div>\n<div>Programa de P\u00f3s-Gradua\u00e7\u00e3o em Educa\u00e7\u00e3o da Faculdade de Educa\u00e7\u00e3o da Universidade Federal de Uberl\u00e2ndia<\/div>\n<div>em parceria com a SME, Curso de Pedagogia e PROEX\/UFU .<\/div>\n<div><\/div>\n<div>Informa\u00e7\u00f5es e inscri\u00e7\u00f5es dispon\u00edveis no <i>site:<\/i><\/div>\n<div><a href=\"http:\/\/www.eventos.ufu.br\/xiiiunoediverso\" target=\"_blank\">http:\/\/www.eventos.ufu.br\/xiiiunoediverso<\/a><\/div>\n<div><b>\u00a0<\/b><\/div>\n<div><b>\u00a0<\/b><\/div>\n","protected":false},"excerpt":{"rendered":"<p>XIII Semin\u00e1rio Nacional O Uno e o Diverso na Educa\u00e7\u00e3o Escolar\u00a0e XVI Semana da Pedagogia,\u00a0promovido pela Linha de Pesquisa: Saberes e Pr\u00e1ticas Educativas do Programa de P\u00f3s-Gradua\u00e7\u00e3o em Educa\u00e7\u00e3o da Faculdade de Educa\u00e7\u00e3o da Universidade Federal de Uberl\u00e2ndia em parceria com a SME, Curso de Pedagogia e PROEX\/UFU . Informa\u00e7\u00f5es e inscri\u00e7\u00f5es dispon\u00edveis no site: [&hellip;]<\/p>\n","protected":false},"author":2660,"featured_media":2005,"comment_status":"closed","ping_status":"open","sticky":false,"template":"","format":"standard","meta":{"footnotes":""},"categories":[10,39,1],"tags":[],"coauthors":[],"class_list":["post-2004","post","type-post","status-publish","format-standard","has-post-thumbnail","hentry","category-eventos","category-eventos-externos","category-noticias"],"_links":{"self":[{"href":"https:\/\/ppgecpan.ufms.br\/en\/wp-json\/wp\/v2\/posts\/2004","targetHints":{"allow":["GET"]}}],"collection":[{"href":"https:\/\/ppgecpan.ufms.br\/en\/wp-json\/wp\/v2\/posts"}],"about":[{"href":"https:\/\/ppgecpan.ufms.br\/en\/wp-json\/wp\/v2\/types\/post"}],"author":[{"embeddable":true,"href":"https:\/\/ppgecpan.ufms.br\/en\/wp-json\/wp\/v2\/users\/2660"}],"replies":[{"embeddable":true,"href":"https:\/\/ppgecpan.ufms.br\/en\/wp-json\/wp\/v2\/comments?post=2004"}],"version-history":[{"count":2,"href":"https:\/\/ppgecpan.ufms.br\/en\/wp-json\/wp\/v2\/posts\/2004\/revisions"}],"predecessor-version":[{"id":2007,"href":"https:\/\/ppgecpan.ufms.br\/en\/wp-json\/wp\/v2\/posts\/2004\/revisions\/2007"}],"wp:featuredmedia":[{"embeddable":true,"href":"https:\/\/ppgecpan.ufms.br\/en\/wp-json\/wp\/v2\/media\/2005"}],"wp:attachment":[{"href":"https:\/\/ppgecpan.ufms.br\/en\/wp-json\/wp\/v2\/media?parent=2004"}],"wp:term":[{"taxonomy":"category","embeddable":true,"href":"https:\/\/ppgecpan.ufms.br\/en\/wp-json\/wp\/v2\/categories?post=2004"},{"taxonomy":"post_tag","embeddable":true,"href":"https:\/\/ppgecpan.ufms.br\/en\/wp-json\/wp\/v2\/tags?post=2004"},{"taxonomy":"author","embeddable":true,"href":"https:\/\/ppgecpan.ufms.br\/en\/wp-json\/wp\/v2\/coauthors?post=2004"}],"curies":[{"name":"wp","href":"https:\/\/api.w.org\/{rel}","templated":true}]}}