{"id":2012,"date":"2016-05-19T16:51:49","date_gmt":"2016-05-19T20:51:49","guid":{"rendered":"http:\/\/ppgecpan.draconis.ufms.br\/?p=2012"},"modified":"2016-05-20T09:50:45","modified_gmt":"2016-05-20T13:50:45","slug":"resultado-de-pedido-de-isencao-de-taxa-de-inscricao-selecao-mestrado-2016-2","status":"publish","type":"post","link":"https:\/\/ppgecpan.ufms.br\/en\/resultado-de-pedido-de-isencao-de-taxa-de-inscricao-selecao-mestrado-2016-2\/","title":{"rendered":"Republica\u00e7\u00e3o do resultado de pedido de isen\u00e7\u00e3o de taxa de inscri\u00e7\u00e3o \u2013 Sele\u00e7\u00e3o Mestrado 2016.2"},"content":{"rendered":"<p>O PPGE republica\u00a0o resultado de pedidos de <strong>isen\u00e7\u00e3o de taxa de inscri\u00e7\u00e3o<\/strong> relativos ao processo seletivo do Mestrado em Educa\u00e7\u00e3o &#8211; 2016.2.<\/p>\n<p><strong>Acesse o resultado, <a href=\"http:\/\/ppgecpan.draconis.ufms.br\/files\/2016\/05\/Republica-Resultado-de-pedido-de-isen\u00e7\u00e3o-de-taxa-de-inscri\u00e7\u00e3o.pdf\" target=\"_blank\">AQUI<\/a>.<\/strong><\/p>\n","protected":false},"excerpt":{"rendered":"<p>O PPGE republica\u00a0o resultado de pedidos de isen\u00e7\u00e3o de taxa de inscri\u00e7\u00e3o relativos ao processo seletivo do Mestrado em Educa\u00e7\u00e3o &#8211; 2016.2. Acesse o resultado, AQUI.<\/p>\n","protected":false},"author":2660,"featured_media":2011,"comment_status":"closed","ping_status":"open","sticky":false,"template":"","format":"standard","meta":{"footnotes":""},"categories":[17,1,57],"tags":[],"coauthors":[],"class_list":["post-2012","post","type-post","status-publish","format-standard","has-post-thumbnail","hentry","category-destaques","category-noticias","category-processos-seletivos-noticias"],"_links":{"self":[{"href":"https:\/\/ppgecpan.ufms.br\/en\/wp-json\/wp\/v2\/posts\/2012","targetHints":{"allow":["GET"]}}],"collection":[{"href":"https:\/\/ppgecpan.ufms.br\/en\/wp-json\/wp\/v2\/posts"}],"about":[{"href":"https:\/\/ppgecpan.ufms.br\/en\/wp-json\/wp\/v2\/types\/post"}],"author":[{"embeddable":true,"href":"https:\/\/ppgecpan.ufms.br\/en\/wp-json\/wp\/v2\/users\/2660"}],"replies":[{"embeddable":true,"href":"https:\/\/ppgecpan.ufms.br\/en\/wp-json\/wp\/v2\/comments?post=2012"}],"version-history":[{"count":6,"href":"https:\/\/ppgecpan.ufms.br\/en\/wp-json\/wp\/v2\/posts\/2012\/revisions"}],"predecessor-version":[{"id":2020,"href":"https:\/\/ppgecpan.ufms.br\/en\/wp-json\/wp\/v2\/posts\/2012\/revisions\/2020"}],"wp:featuredmedia":[{"embeddable":true,"href":"https:\/\/ppgecpan.ufms.br\/en\/wp-json\/wp\/v2\/media\/2011"}],"wp:attachment":[{"href":"https:\/\/ppgecpan.ufms.br\/en\/wp-json\/wp\/v2\/media?parent=2012"}],"wp:term":[{"taxonomy":"category","embeddable":true,"href":"https:\/\/ppgecpan.ufms.br\/en\/wp-json\/wp\/v2\/categories?post=2012"},{"taxonomy":"post_tag","embeddable":true,"href":"https:\/\/ppgecpan.ufms.br\/en\/wp-json\/wp\/v2\/tags?post=2012"},{"taxonomy":"author","embeddable":true,"href":"https:\/\/ppgecpan.ufms.br\/en\/wp-json\/wp\/v2\/coauthors?post=2012"}],"curies":[{"name":"wp","href":"https:\/\/api.w.org\/{rel}","templated":true}]}}