{"id":2021,"date":"2016-05-25T11:24:27","date_gmt":"2016-05-25T15:24:27","guid":{"rendered":"http:\/\/ppgecpan.draconis.ufms.br\/?p=2021"},"modified":"2016-05-27T14:33:51","modified_gmt":"2016-05-27T18:33:51","slug":"vii-fronteirasii-obeduc","status":"publish","type":"post","link":"https:\/\/ppgecpan.ufms.br\/en\/vii-fronteirasii-obeduc\/","title":{"rendered":"VII Fronteiras\/II OBEDUC"},"content":{"rendered":"<div>O\u00a0site do VII Fronteiras\/II OBEDUC\u00a0est\u00e1 no ar. Nele constam todas as informa\u00e7\u00f5es sobre o evento.\u00a0O prazo de inscri\u00e7\u00e3o de trabalhos \u00e9 at\u00e9 o dia 22 de agosto de 2016.<\/div>\n<div><\/div>\n<div>\u00a0Em breve ser\u00e1 divulgada\u00a0a programa\u00e7\u00e3o completa do evento.<\/div>\n<div><\/div>\n<div><b>\u00a0<\/b><a href=\"http:\/\/www.gpec.ucdb.br\/viifronteiras\/\" target=\"_blank\">http:\/\/www.gpec.ucdb.br\/viifronteiras\/<\/a><\/div>\n","protected":false},"excerpt":{"rendered":"<p>O\u00a0site do VII Fronteiras\/II OBEDUC\u00a0est\u00e1 no ar. Nele constam todas as informa\u00e7\u00f5es sobre o evento.\u00a0O prazo de inscri\u00e7\u00e3o de trabalhos \u00e9 at\u00e9 o dia 22 de agosto de 2016. \u00a0Em breve ser\u00e1 divulgada\u00a0a programa\u00e7\u00e3o completa do evento. \u00a0http:\/\/www.gpec.ucdb.br\/viifronteiras\/<\/p>\n","protected":false},"author":2660,"featured_media":2022,"comment_status":"closed","ping_status":"open","sticky":false,"template":"","format":"standard","meta":{"footnotes":""},"categories":[17,10,39,1],"tags":[],"coauthors":[],"class_list":["post-2021","post","type-post","status-publish","format-standard","has-post-thumbnail","hentry","category-destaques","category-eventos","category-eventos-externos","category-noticias"],"_links":{"self":[{"href":"https:\/\/ppgecpan.ufms.br\/en\/wp-json\/wp\/v2\/posts\/2021","targetHints":{"allow":["GET"]}}],"collection":[{"href":"https:\/\/ppgecpan.ufms.br\/en\/wp-json\/wp\/v2\/posts"}],"about":[{"href":"https:\/\/ppgecpan.ufms.br\/en\/wp-json\/wp\/v2\/types\/post"}],"author":[{"embeddable":true,"href":"https:\/\/ppgecpan.ufms.br\/en\/wp-json\/wp\/v2\/users\/2660"}],"replies":[{"embeddable":true,"href":"https:\/\/ppgecpan.ufms.br\/en\/wp-json\/wp\/v2\/comments?post=2021"}],"version-history":[{"count":1,"href":"https:\/\/ppgecpan.ufms.br\/en\/wp-json\/wp\/v2\/posts\/2021\/revisions"}],"predecessor-version":[{"id":2023,"href":"https:\/\/ppgecpan.ufms.br\/en\/wp-json\/wp\/v2\/posts\/2021\/revisions\/2023"}],"wp:featuredmedia":[{"embeddable":true,"href":"https:\/\/ppgecpan.ufms.br\/en\/wp-json\/wp\/v2\/media\/2022"}],"wp:attachment":[{"href":"https:\/\/ppgecpan.ufms.br\/en\/wp-json\/wp\/v2\/media?parent=2021"}],"wp:term":[{"taxonomy":"category","embeddable":true,"href":"https:\/\/ppgecpan.ufms.br\/en\/wp-json\/wp\/v2\/categories?post=2021"},{"taxonomy":"post_tag","embeddable":true,"href":"https:\/\/ppgecpan.ufms.br\/en\/wp-json\/wp\/v2\/tags?post=2021"},{"taxonomy":"author","embeddable":true,"href":"https:\/\/ppgecpan.ufms.br\/en\/wp-json\/wp\/v2\/coauthors?post=2021"}],"curies":[{"name":"wp","href":"https:\/\/api.w.org\/{rel}","templated":true}]}}