{"id":2049,"date":"2016-06-17T18:56:39","date_gmt":"2016-06-17T22:56:39","guid":{"rendered":"http:\/\/ppgecpan.draconis.ufms.br\/?p=2049"},"modified":"2016-06-17T18:57:54","modified_gmt":"2016-06-17T22:57:54","slug":"resultado-de-pedidos-de-recursos","status":"publish","type":"post","link":"https:\/\/ppgecpan.ufms.br\/en\/resultado-de-pedidos-de-recursos\/","title":{"rendered":"Resultado de pedidos de recursos &#8211; Sele\u00e7\u00e3o Mestrado em Educa\u00e7\u00e3o"},"content":{"rendered":"<p>Resultado dos recursos referentes \u00e0s inscri\u00e7\u00f5es ao processo seletivo para o Mestrado em Educa\u00e7\u00e3o &#8211; Edital n. 27 de 9 de maio de 2016, do Programa de P\u00f3s-Gradua\u00e7\u00e3o em Educa\u00e7\u00e3o do Campus do Pantanal da Funda\u00e7\u00e3o Universidade Federal de Mato Grosso do Sul.<\/p>\n<p>Clique <a href=\"http:\/\/ppgecpan.draconis.ufms.br\/files\/2016\/06\/Resultado-de-recursos-inscri\u00e7\u00e3o.pdf\" target=\"_blank\">aqui<\/a>.<\/p>\n","protected":false},"excerpt":{"rendered":"<p>Resultado dos recursos referentes \u00e0s inscri\u00e7\u00f5es ao processo seletivo para o Mestrado em Educa\u00e7\u00e3o &#8211; Edital n. 27 de 9 de maio de 2016, do Programa de P\u00f3s-Gradua\u00e7\u00e3o em Educa\u00e7\u00e3o do Campus do Pantanal da Funda\u00e7\u00e3o Universidade Federal de Mato Grosso do Sul. Clique aqui.<\/p>\n","protected":false},"author":2660,"featured_media":1977,"comment_status":"closed","ping_status":"open","sticky":false,"template":"","format":"standard","meta":{"footnotes":""},"categories":[17,1,57],"tags":[],"coauthors":[],"class_list":["post-2049","post","type-post","status-publish","format-standard","has-post-thumbnail","hentry","category-destaques","category-noticias","category-processos-seletivos-noticias"],"_links":{"self":[{"href":"https:\/\/ppgecpan.ufms.br\/en\/wp-json\/wp\/v2\/posts\/2049","targetHints":{"allow":["GET"]}}],"collection":[{"href":"https:\/\/ppgecpan.ufms.br\/en\/wp-json\/wp\/v2\/posts"}],"about":[{"href":"https:\/\/ppgecpan.ufms.br\/en\/wp-json\/wp\/v2\/types\/post"}],"author":[{"embeddable":true,"href":"https:\/\/ppgecpan.ufms.br\/en\/wp-json\/wp\/v2\/users\/2660"}],"replies":[{"embeddable":true,"href":"https:\/\/ppgecpan.ufms.br\/en\/wp-json\/wp\/v2\/comments?post=2049"}],"version-history":[{"count":1,"href":"https:\/\/ppgecpan.ufms.br\/en\/wp-json\/wp\/v2\/posts\/2049\/revisions"}],"predecessor-version":[{"id":2051,"href":"https:\/\/ppgecpan.ufms.br\/en\/wp-json\/wp\/v2\/posts\/2049\/revisions\/2051"}],"wp:featuredmedia":[{"embeddable":true,"href":"https:\/\/ppgecpan.ufms.br\/en\/wp-json\/wp\/v2\/media\/1977"}],"wp:attachment":[{"href":"https:\/\/ppgecpan.ufms.br\/en\/wp-json\/wp\/v2\/media?parent=2049"}],"wp:term":[{"taxonomy":"category","embeddable":true,"href":"https:\/\/ppgecpan.ufms.br\/en\/wp-json\/wp\/v2\/categories?post=2049"},{"taxonomy":"post_tag","embeddable":true,"href":"https:\/\/ppgecpan.ufms.br\/en\/wp-json\/wp\/v2\/tags?post=2049"},{"taxonomy":"author","embeddable":true,"href":"https:\/\/ppgecpan.ufms.br\/en\/wp-json\/wp\/v2\/coauthors?post=2049"}],"curies":[{"name":"wp","href":"https:\/\/api.w.org\/{rel}","templated":true}]}}