{"id":2100,"date":"2016-08-02T10:07:38","date_gmt":"2016-08-02T14:07:38","guid":{"rendered":"http:\/\/ppgecpan.draconis.ufms.br\/?p=2100"},"modified":"2016-08-02T10:09:27","modified_gmt":"2016-08-02T14:09:27","slug":"2100-2","status":"publish","type":"post","link":"https:\/\/ppgecpan.ufms.br\/en\/2100-2\/","title":{"rendered":"IV Congresso Nacional de Avalia\u00e7\u00e3o em Educa\u00e7\u00e3o &#8211; IV CONAVE"},"content":{"rendered":"<div>O IV Congresso Nacional de Avalia\u00e7\u00e3o em Educa\u00e7\u00e3o \u2013 IV CONAVE tem como o tema &#8220;<strong>Avalia\u00e7\u00e3o e curr\u00edculo: rela\u00e7\u00f5es e especificidades&#8221;<\/strong>.<\/div>\n<div><\/div>\n<div><strong>Os principais objetivos do congresso s\u00e3o:<\/strong><\/div>\n<div>1. Promover a discuss\u00e3o sobre a avalia\u00e7\u00e3o educacional: pressupostos te\u00f3ricos e metodol\u00f3gicos e as suas articula\u00e7\u00f5es com o curr\u00edculo da Educa\u00e7\u00e3o B\u00e1sica;<\/div>\n<div>2. Promover a divulga\u00e7\u00e3o e an\u00e1lise dos resultados das avalia\u00e7\u00f5es em larga escala e institucionais;<\/div>\n<div>3. Promover um maior entendimento das secretarias de educa\u00e7\u00e3o, unidades escolares e professores quanto \u00e0s particularidades das avalia\u00e7\u00f5es;<\/div>\n<div>4. Estimular a utiliza\u00e7\u00e3o dos resultados das avalia\u00e7\u00f5es pelos professores, unidades escolares e secretarias de educa\u00e7\u00e3o no processo da gest\u00e3o educacional.<\/div>\n<div><\/div>\n<div>O evento ser\u00e1 realizado em Bauru\/SP no per\u00edodo de 24 a 26 de outubro de 2016.\u00a0 As inscri\u00e7\u00f5es para participa\u00e7\u00e3o ou apresenta\u00e7\u00e3o de trabalhos estar\u00e3o abertas a partir de 10 de abril pelo site do congresso.<\/div>\n<div><\/div>\n<div><\/div>\n<div>Para maiores informa\u00e7\u00f5es, acesse o site:<\/div>\n<div><a href=\"http:\/\/www2.fc.unesp.br\/conave\" target=\"_blank\">http:\/\/www2.fc.unesp.br\/conave<\/a><\/div>\n<div>\n<div><\/div>\n<div>FOLDER &#8211; <a href=\"http:\/\/ppgecpan.draconis.ufms.br\/files\/2016\/08\/Folders_CONAVE2016.pdf\" target=\"_blank\">AQUI<\/a><\/div>\n<div><\/div>\n<div>POSTER &#8211; <a href=\"http:\/\/ppgecpan.draconis.ufms.br\/files\/2016\/08\/Poster_Divulga\u00e7\u00e3o_2016.pdf\" target=\"_blank\">AQUI<\/a><\/div>\n<\/div>\n","protected":false},"excerpt":{"rendered":"<p>O IV Congresso Nacional de Avalia\u00e7\u00e3o em Educa\u00e7\u00e3o \u2013 IV CONAVE tem como o tema &#8220;Avalia\u00e7\u00e3o e curr\u00edculo: rela\u00e7\u00f5es e especificidades&#8221;. Os principais objetivos do congresso s\u00e3o: 1. Promover a discuss\u00e3o sobre a avalia\u00e7\u00e3o educacional: pressupostos te\u00f3ricos e metodol\u00f3gicos e as suas articula\u00e7\u00f5es com o curr\u00edculo da Educa\u00e7\u00e3o B\u00e1sica; 2. Promover a divulga\u00e7\u00e3o e an\u00e1lise [&hellip;]<\/p>\n","protected":false},"author":2660,"featured_media":2103,"comment_status":"closed","ping_status":"open","sticky":false,"template":"","format":"standard","meta":{"footnotes":""},"categories":[17,10,39,1],"tags":[],"coauthors":[],"class_list":["post-2100","post","type-post","status-publish","format-standard","has-post-thumbnail","hentry","category-destaques","category-eventos","category-eventos-externos","category-noticias"],"_links":{"self":[{"href":"https:\/\/ppgecpan.ufms.br\/en\/wp-json\/wp\/v2\/posts\/2100","targetHints":{"allow":["GET"]}}],"collection":[{"href":"https:\/\/ppgecpan.ufms.br\/en\/wp-json\/wp\/v2\/posts"}],"about":[{"href":"https:\/\/ppgecpan.ufms.br\/en\/wp-json\/wp\/v2\/types\/post"}],"author":[{"embeddable":true,"href":"https:\/\/ppgecpan.ufms.br\/en\/wp-json\/wp\/v2\/users\/2660"}],"replies":[{"embeddable":true,"href":"https:\/\/ppgecpan.ufms.br\/en\/wp-json\/wp\/v2\/comments?post=2100"}],"version-history":[{"count":2,"href":"https:\/\/ppgecpan.ufms.br\/en\/wp-json\/wp\/v2\/posts\/2100\/revisions"}],"predecessor-version":[{"id":2105,"href":"https:\/\/ppgecpan.ufms.br\/en\/wp-json\/wp\/v2\/posts\/2100\/revisions\/2105"}],"wp:featuredmedia":[{"embeddable":true,"href":"https:\/\/ppgecpan.ufms.br\/en\/wp-json\/wp\/v2\/media\/2103"}],"wp:attachment":[{"href":"https:\/\/ppgecpan.ufms.br\/en\/wp-json\/wp\/v2\/media?parent=2100"}],"wp:term":[{"taxonomy":"category","embeddable":true,"href":"https:\/\/ppgecpan.ufms.br\/en\/wp-json\/wp\/v2\/categories?post=2100"},{"taxonomy":"post_tag","embeddable":true,"href":"https:\/\/ppgecpan.ufms.br\/en\/wp-json\/wp\/v2\/tags?post=2100"},{"taxonomy":"author","embeddable":true,"href":"https:\/\/ppgecpan.ufms.br\/en\/wp-json\/wp\/v2\/coauthors?post=2100"}],"curies":[{"name":"wp","href":"https:\/\/api.w.org\/{rel}","templated":true}]}}