{"id":2106,"date":"2016-08-02T10:12:24","date_gmt":"2016-08-02T14:12:24","guid":{"rendered":"http:\/\/ppgecpan.draconis.ufms.br\/?p=2106"},"modified":"2016-08-02T10:13:10","modified_gmt":"2016-08-02T14:13:10","slug":"convite-aula-inaugural-do-programa-de-pos-graduacao-em-educacao-da-ucdb","status":"publish","type":"post","link":"https:\/\/ppgecpan.ufms.br\/en\/convite-aula-inaugural-do-programa-de-pos-graduacao-em-educacao-da-ucdb\/","title":{"rendered":"Convite: Aula inaugural do Programa de P\u00f3s-gradua\u00e7\u00e3o em Educa\u00e7\u00e3o da UCDB"},"content":{"rendered":"<p>O Programa de P\u00f3s-Gradua\u00e7\u00e3o em Educa\u00e7\u00e3o &#8211; Mestrado e Doutorado da UCDB<\/p>\n<p>Convida:<\/p>\n<p><strong>AULA INAUGURAL PPGE\/2016B<\/strong><\/p>\n<p>Conferencista: Prof\u00aa. Dr\u00aa. <strong>Andr\u00e9a Barbosa Gouveia<\/strong> (UFPR) &#8211; Presidente Nacional da ANPEd &#8211; Associa\u00e7\u00e3o Nacional de P\u00f3s-Gradua\u00e7\u00e3o e Pesquisa em Educa\u00e7\u00e3o<\/p>\n<p>Tema: Pesquisa e P\u00f3s Gradua\u00e7\u00e3o no Brasil diante da Conjuntura Atual<\/p>\n<p><u>Dia:<\/u> 09 de Agosto de 2016\u00a0(ter\u00e7a-feira)<\/p>\n<p>Hor\u00e1rio: 7h30min<\/p>\n<p><u>Local:<\/u> Anfiteatro da Biblioteca da UCDB<\/p>\n","protected":false},"excerpt":{"rendered":"<p>O Programa de P\u00f3s-Gradua\u00e7\u00e3o em Educa\u00e7\u00e3o &#8211; Mestrado e Doutorado da UCDB Convida: AULA INAUGURAL PPGE\/2016B Conferencista: Prof\u00aa. Dr\u00aa. Andr\u00e9a Barbosa Gouveia (UFPR) &#8211; Presidente Nacional da ANPEd &#8211; Associa\u00e7\u00e3o Nacional de P\u00f3s-Gradua\u00e7\u00e3o e Pesquisa em Educa\u00e7\u00e3o Tema: Pesquisa e P\u00f3s Gradua\u00e7\u00e3o no Brasil diante da Conjuntura Atual Dia: 09 de Agosto de 2016\u00a0(ter\u00e7a-feira) Hor\u00e1rio: [&hellip;]<\/p>\n","protected":false},"author":2660,"featured_media":1884,"comment_status":"closed","ping_status":"open","sticky":false,"template":"","format":"standard","meta":{"footnotes":""},"categories":[17,10,39,1],"tags":[],"coauthors":[],"class_list":["post-2106","post","type-post","status-publish","format-standard","has-post-thumbnail","hentry","category-destaques","category-eventos","category-eventos-externos","category-noticias"],"_links":{"self":[{"href":"https:\/\/ppgecpan.ufms.br\/en\/wp-json\/wp\/v2\/posts\/2106","targetHints":{"allow":["GET"]}}],"collection":[{"href":"https:\/\/ppgecpan.ufms.br\/en\/wp-json\/wp\/v2\/posts"}],"about":[{"href":"https:\/\/ppgecpan.ufms.br\/en\/wp-json\/wp\/v2\/types\/post"}],"author":[{"embeddable":true,"href":"https:\/\/ppgecpan.ufms.br\/en\/wp-json\/wp\/v2\/users\/2660"}],"replies":[{"embeddable":true,"href":"https:\/\/ppgecpan.ufms.br\/en\/wp-json\/wp\/v2\/comments?post=2106"}],"version-history":[{"count":2,"href":"https:\/\/ppgecpan.ufms.br\/en\/wp-json\/wp\/v2\/posts\/2106\/revisions"}],"predecessor-version":[{"id":2108,"href":"https:\/\/ppgecpan.ufms.br\/en\/wp-json\/wp\/v2\/posts\/2106\/revisions\/2108"}],"wp:featuredmedia":[{"embeddable":true,"href":"https:\/\/ppgecpan.ufms.br\/en\/wp-json\/wp\/v2\/media\/1884"}],"wp:attachment":[{"href":"https:\/\/ppgecpan.ufms.br\/en\/wp-json\/wp\/v2\/media?parent=2106"}],"wp:term":[{"taxonomy":"category","embeddable":true,"href":"https:\/\/ppgecpan.ufms.br\/en\/wp-json\/wp\/v2\/categories?post=2106"},{"taxonomy":"post_tag","embeddable":true,"href":"https:\/\/ppgecpan.ufms.br\/en\/wp-json\/wp\/v2\/tags?post=2106"},{"taxonomy":"author","embeddable":true,"href":"https:\/\/ppgecpan.ufms.br\/en\/wp-json\/wp\/v2\/coauthors?post=2106"}],"curies":[{"name":"wp","href":"https:\/\/api.w.org\/{rel}","templated":true}]}}