{"id":2145,"date":"2016-08-16T10:59:05","date_gmt":"2016-08-16T14:59:05","guid":{"rendered":"http:\/\/ppgecpan.draconis.ufms.br\/?p=2145"},"modified":"2016-08-16T11:03:40","modified_gmt":"2016-08-16T15:03:40","slug":"o-ppge-convida-para-mesa-redonda-escola-sem-partido-e-os-nexos-entre-industria-cultural-dialetica-negativa-e-personalidade-autoritaria","status":"publish","type":"post","link":"https:\/\/ppgecpan.ufms.br\/en\/o-ppge-convida-para-mesa-redonda-escola-sem-partido-e-os-nexos-entre-industria-cultural-dialetica-negativa-e-personalidade-autoritaria\/","title":{"rendered":"PPGE convida para a Mesa Redonda &#8220;Escola Sem Partido e os nexos entre Ind\u00fastria Cultural, Dial\u00e9tica Negativa e Personalidade Autorit\u00e1ria&#8221;"},"content":{"rendered":"<p dir=\"ltr\">No dia<strong> 17\/08 <\/strong>(quarta-feira) ocorrer\u00e1 a Mesa Redonda \u201c<strong>Escola Sem Partido e os nexos entre Ind\u00fastria Cultural, Dial\u00e9tica Negativa e Personalidade Autorit\u00e1ria\u201d<\/strong>.<\/p>\n<p dir=\"ltr\">Local: Audit\u00f3rio da Unidade III<\/p>\n<p dir=\"ltr\">Membros da Mesa Redonda:<\/p>\n<p dir=\"ltr\">Dra. Roselaine Ripa (coordenadora do NEXOS Sul)<br \/>\nDra. Isabella Fernanda Ferreira (coordenadora do NEXO Centro-Oeste\/Norte)<br \/>\nDra. Deborah Christina Antunes (coordenadora do NEXOS Nordeste)<br \/>\nDra. Marilia Mello Pisani (coordenadora do NEXOS Sudeste)<\/p>\n<p dir=\"ltr\">A coordena\u00e7\u00e3o do Programa de P\u00f3s-gradua\u00e7\u00e3o em Educa\u00e7\u00e3o da UFMS providenciar\u00e1 certificados para os participantes.<\/p>\n<p dir=\"ltr\">&#8212;&#8212;&#8212;&#8212;&#8212;&#8212;&#8212;&#8212;&#8212;&#8212;&#8211;<\/p>\n<p dir=\"ltr\"><strong>Sobre o NEXOS<\/strong><\/p>\n<p dir=\"ltr\">O \u201cNEXOS: Teoria Cr\u00edtica e Pesquisa Interdisciplinar\u201d \u00e9 uma Rede Nacional de Pesquisas que tem o objetivo de estabelecer colabora\u00e7\u00f5es e parcerias regionais e nacionais para produ\u00e7\u00e3o de conhecimentos metodol\u00f3gicos e te\u00f3ricos em teoria cr\u00edtica e tem\u00e1ticas contempor\u00e2neas como as novas tecnologias. A Rede de Pesquisa Nexos \u00e9 composta por quatro grupos de pesquisa interinstitucionais de mesmo nome cadastrados no CNpq no Nordeste, Centro-Oeste\/Norte, Sudeste e Sul brasileiros e conecta pesquisas locais, regionais e nacionais realizadas por professores, pesquisadores, estudantes de gradua\u00e7\u00e3o e p\u00f3s-gradua\u00e7\u00e3o nas cinco regi\u00f5es do pa\u00eds. Em cada regi\u00e3o uma coordenadora gere as pesquisas locais\/regionais, ao mesmo tempo em que atua em uma pesquisa coletiva envolvendo toda a rede. O confronto entre os resultados das pesquisas nas diversas regi\u00f5es fornece um mapa das express\u00f5es sociais, pol\u00edticas e culturais contempor\u00e2neas no Brasil, estabelecendo uma maior integra\u00e7\u00e3o entre as pesquisas acad\u00eamicas e a produ\u00e7\u00e3o de conhecimento em teoria social no pa\u00eds. Atualmente a Rede Nacional Nexos de Pesquisa j\u00e1 conta com vinte pesquisadores de diversas institui\u00e7\u00f5es do pa\u00eds bem como parceiros internacionais.<\/p>\n<p dir=\"ltr\">Curr\u00edculo das participantes:<\/p>\n<p dir=\"ltr\"><strong>Dra. Roselaine Ripa<\/strong><br \/>\nPossui gradua\u00e7\u00e3o em Pedagogia pela Universidade Federal de S\u00e3o Carlos (2000), com habilita\u00e7\u00f5es em Administra\u00e7\u00e3o Escolar, Magist\u00e9rio das S\u00e9ries Iniciais, Magist\u00e9rio do Ensino M\u00e9dio e Orienta\u00e7\u00e3o Educacional. Possui Mestrado (2005) e Doutorado em Educa\u00e7\u00e3o (2010), na \u00e1rea de Fundamentos da Educa\u00e7\u00e3o, pela UFSCar. \u00c9 especialista em Planejamento, Implementa\u00e7\u00e3o e Gest\u00e3o em EaD (2012), pela UFF. Atualmente \u00e9 professora adjunta na UDESC, no Centro de Educa\u00e7\u00e3o a Dist\u00e2ncia, em Florian\u00f3polis &#8211; SC. \u00c9 l\u00edder do Grupo de Pesquisa \u201cNexos: Teoria Cr\u00edtica e Pesquisa Interdisciplinar \u2013 Sul\u201d (CNPQ\/UDESC), integrante do Grupo de Extens\u00e3o e Pesquisas \u201cDireitos Humanos, Cidadania e Diversidade\u201d (CNPQ\/UDESC) e do Grupo de Estudos e Pesquisas \u201cTeoria Cr\u00edtica e Educa\u00e7\u00e3o\u201d (CNPQ\/UFSCar), atuando nos seguintes temas: educa\u00e7\u00e3o a dist\u00e2ncia e trabalho docente, m\u00eddia e educa\u00e7\u00e3o e tecnologias e ind\u00fastria cultural.<\/p>\n<p dir=\"ltr\"><strong>Dra. Isabella Fernanda Ferreira<\/strong><br \/>\nForma\u00e7\u00e3o acad\u00eamica toda em Educa\u00e7\u00e3o desenvolvendo pesquisas com o aux\u00edlio da Filosofia e da Sociologia &#8211; em especial &#8211; com as contribui\u00e7\u00f5es da Escola de Frankfurt. Concluiu Magist\u00e9rio integral no CEFAM (Centro Espec\u00edfico de Forma\u00e7\u00e3o e Aperfei\u00e7oamento do Magist\u00e9rio no Estado de S\u00e3o Paulo). Graduada em Pedagogia pela Universidade Federal de S\u00e3o Carlos (UFSCar), Mestre em Educa\u00e7\u00e3o Escolar pela Universidade Estadual Paulista J\u00falio de Mesquita Filho (UNESP\/FCLar) e Doutora em Educa\u00e7\u00e3o Escolar pela UNESP\/FCLar. Professora Adjunta II com regime de Dedica\u00e7\u00e3o Exclusiva na Universidade Federal do Mato Grosso do Sul &#8211; UFMS. Docente no Programa de P\u00f3s-gradua\u00e7\u00e3o Lato Sensu em Educa\u00e7\u00e3o Infantil oferecido pela UFMS em parceria com o MEC. Docente Permanente do Programa de P\u00f3s-Gradua\u00e7\u00e3o Stricto Sensu em Educa\u00e7\u00e3o Social da UFMS. Uma das Fundadoras e Coordenadoras na Rede Nacional de Pesquisa \u201cNEXOS -Teoria Cr\u00edtica e Pesquisa Interdisciplinar\u201d; &#8211; com sedes na UFMS (Centro-Oeste\/Norte), UFC (Nordeste), UFABC (Sudeste) e UDESC (Sul). Interesses de Temas de Pesquisa: a rela\u00e7\u00e3o da Educa\u00e7\u00e3o Social em seus diferentes fen\u00f4menos sociais em rela\u00e7\u00e3o com a M\u00eddia, Tecnologias, Cultura, Artes e, Organiza\u00e7\u00e3o do Trabalho em seus aspectos objetivos e subjetivos na perspectiva da Teoria Cr\u00edtica ou Escola de Frankfurt.<\/p>\n<p dir=\"ltr\"><strong>Dra. Deborah Christina Antunes<\/strong><br \/>\nPossui Forma\u00e7\u00e3o de Psic\u00f3logo e Licenciatura Plena em Psicologia pela Universidade Estadual Paulista J\u00falio de Mesquita Filho &#8211; UNESP\/Bauru (2005), Mestrado em Educa\u00e7\u00e3o pela Universidade Federal de S\u00e3o Carlos (2008) &#8211; gradua\u00e7\u00e3o e mestrado realizados com bolsa FAPESP. \u00c9 Doutora em Filosofia (2012) pelo PPG-Fil. da Universidade Federal de S\u00e3o Carlos &#8211; doutorado realizado com bolsa Capes. Realizou est\u00e1gio doutoral na Universidade da Calif\u00f3rnia, Berkeley, como Visiting Student Researcher, sob a orienta\u00e7\u00e3o do Prof. Dr. Martin Jay, com bolsa CAPES\/PDEE entre janeiro e dezembro de 2011. \u00c9 Professora Adjunta do setor de estudos de Psicologia Social da Universidade Federal do Cear\u00e1, campus Sobral, professora permanente do Programa de P\u00f3s-Gradua\u00e7\u00e3o em Sa\u00fade da Fam\u00edlia da Universidade Federal do Cear\u00e1 (UFC\/ Sobral) e colaboradora do Programa de P\u00f3s-Gradua\u00e7\u00e3o em Psicologia da UFC. \u00c9 pesquisadora do PesquisaMus (Grupo de Pesquisa em Educa\u00e7\u00e3o, Artes e M\u00fasica), l\u00edder do Grupo de Pesquisa \u201cNexos: Teoria Cr\u00edtica e Pesquisa Interdisciplinar \u2013 Nordeste\u201d; e coordenadora do PRISMAS &#8211; N\u00facleo de Estudos em Teoria Cr\u00edtica, Ind\u00fastria Cultural e Psicologia Social. Pesquisadora selecionada pela FUNCAP no Programa de Bolsas de Produtividade em Pesquisa, Est\u00edmulo \u00e0 Interioriza\u00e7\u00e3o e \u00e0 Inova\u00e7\u00e3o Tecnol\u00f3gica &#8211; BPI (2016-2017). Tem experi\u00eancia em pesquisa na \u00e1rea de Psicologia Social, Educa\u00e7\u00e3o e Filosofia, atuando principalmente nos seguintes temas: teoria cr\u00edtica da sociedade, pesquisa social emp\u00edrica, preconceito, ind\u00fastria cultural, est\u00e9tica, arte, forma\u00e7\u00e3o e semiforma\u00e7\u00e3o.<\/p>\n<p dir=\"ltr\"><strong>Dra. Marilia Mello Pisani<\/strong><br \/>\nPossui Doutorado em Filosofia (UFSCar, 2008), Mestrado em Filosofia (UFSCar, 2003), Bacharelado e Licenciatura em Ci\u00eancias Sociais (UNESP, 1999). Atualmente \u00e9 professora adjunta da Universidade Federal do ABC nos cursos de Gradua\u00e7\u00e3o e P\u00f3s-Gradua\u00e7\u00e3o em Filosofia e Coordenadora de Curso de Licenciatura em Filosofia, na mesma institui\u00e7\u00e3o. Desenvolve atividades em pesquisa, ensino e extens\u00e3o a partir dos referenciais te\u00f3ricos e pr\u00e1ticos da filosofia social em perspectiva interdisciplinar, articulando filosofia, ci\u00eancias e artes. Pesquisadora do CNPq na linha de &#8220;Teoria Cr\u00edtica, Cultura Digital e Experi\u00eancia Est\u00e9tica&#8221;. Membro da Rede de Pesquisa Nacional e Interinstitucional &#8220;Nexos: Teoria Critica e Pesquisa Interdisciplinar&#8221; (com sedes em UFC\/Nordeste, UFMS\/Centro-Oeste e Norte, UDESC\/Sul, UFABC\/Sudeste), sendo a coordenadora da sede Nexos\/Sudeste na UFABC com a Linha de Pesquisa em Teoria Critica da Tecnologia. Membro do Laborat\u00f3rio de Pesquisa e Ensino de Filosofia LAPEFil, na linha &#8220;Ensino de Filosofia e suas Interfaces nas Artes e nas Humanidades&#8221;. Palavras-chave das pesquisas: Herbert Marcuse, filosofia social, psican\u00e1lise, teoria cr\u00edtica da tecnologia e subjetividade.<\/p>\n","protected":false},"excerpt":{"rendered":"<p>No dia 17\/08 (quarta-feira) ocorrer\u00e1 a Mesa Redonda \u201cEscola Sem Partido e os nexos entre Ind\u00fastria Cultural, Dial\u00e9tica Negativa e Personalidade Autorit\u00e1ria\u201d. Local: Audit\u00f3rio da Unidade III Membros da Mesa Redonda: Dra. Roselaine Ripa (coordenadora do NEXOS Sul) Dra. Isabella Fernanda Ferreira (coordenadora do NEXO Centro-Oeste\/Norte) Dra. Deborah Christina Antunes (coordenadora do NEXOS Nordeste) Dra. [&hellip;]<\/p>\n","protected":false},"author":2660,"featured_media":2146,"comment_status":"closed","ping_status":"open","sticky":false,"template":"","format":"standard","meta":{"footnotes":""},"categories":[17,10,38,1],"tags":[],"coauthors":[],"class_list":["post-2145","post","type-post","status-publish","format-standard","has-post-thumbnail","hentry","category-destaques","category-eventos","category-eventos-internos","category-noticias"],"_links":{"self":[{"href":"https:\/\/ppgecpan.ufms.br\/en\/wp-json\/wp\/v2\/posts\/2145","targetHints":{"allow":["GET"]}}],"collection":[{"href":"https:\/\/ppgecpan.ufms.br\/en\/wp-json\/wp\/v2\/posts"}],"about":[{"href":"https:\/\/ppgecpan.ufms.br\/en\/wp-json\/wp\/v2\/types\/post"}],"author":[{"embeddable":true,"href":"https:\/\/ppgecpan.ufms.br\/en\/wp-json\/wp\/v2\/users\/2660"}],"replies":[{"embeddable":true,"href":"https:\/\/ppgecpan.ufms.br\/en\/wp-json\/wp\/v2\/comments?post=2145"}],"version-history":[{"count":5,"href":"https:\/\/ppgecpan.ufms.br\/en\/wp-json\/wp\/v2\/posts\/2145\/revisions"}],"predecessor-version":[{"id":2151,"href":"https:\/\/ppgecpan.ufms.br\/en\/wp-json\/wp\/v2\/posts\/2145\/revisions\/2151"}],"wp:featuredmedia":[{"embeddable":true,"href":"https:\/\/ppgecpan.ufms.br\/en\/wp-json\/wp\/v2\/media\/2146"}],"wp:attachment":[{"href":"https:\/\/ppgecpan.ufms.br\/en\/wp-json\/wp\/v2\/media?parent=2145"}],"wp:term":[{"taxonomy":"category","embeddable":true,"href":"https:\/\/ppgecpan.ufms.br\/en\/wp-json\/wp\/v2\/categories?post=2145"},{"taxonomy":"post_tag","embeddable":true,"href":"https:\/\/ppgecpan.ufms.br\/en\/wp-json\/wp\/v2\/tags?post=2145"},{"taxonomy":"author","embeddable":true,"href":"https:\/\/ppgecpan.ufms.br\/en\/wp-json\/wp\/v2\/coauthors?post=2145"}],"curies":[{"name":"wp","href":"https:\/\/api.w.org\/{rel}","templated":true}]}}