{"id":2152,"date":"2016-08-16T11:59:45","date_gmt":"2016-08-16T15:59:45","guid":{"rendered":"http:\/\/ppgecpan.draconis.ufms.br\/?p=2152"},"modified":"2016-08-17T14:17:38","modified_gmt":"2016-08-17T18:17:38","slug":"anped-centro-oeste-prorroga-prazo-para-inscricao-de-trabalhos-ate-8-de-setembro","status":"publish","type":"post","link":"https:\/\/ppgecpan.ufms.br\/en\/anped-centro-oeste-prorroga-prazo-para-inscricao-de-trabalhos-ate-8-de-setembro\/","title":{"rendered":"Anped Centro-Oeste prorroga prazo para inscri\u00e7\u00e3o de trabalhos at\u00e9 8 de setembro"},"content":{"rendered":"<p>&nbsp;<\/p>\n<p>Anped Centro-Oeste prorroga prazo para inscri\u00e7\u00e3o de trabalhos at\u00e9 8 de setembro<\/p>\n<p><a href=\"http:\/\/www.anpedco2016.com.br\/inscricao\/\" target=\"_blank\">http:\/\/www.anpedco2016.com.br\/inscricao\/<\/a><\/p>\n<div>\n<table cellspacing=\"0\">\n<tbody>\n<tr valign=\"top\">\n<td colspan=\"2\">\n<div><\/div>\n<div><a href=\"http:\/\/www.anpedco2016.com.br\/inscricao\/\" target=\"_blank\">Inscri\u00e7\u00e3o \u2013 Anped Centro-Oeste 2016<\/a><\/div>\n<div><a href=\"http:\/\/www.anpedco2016.com.br\/\" target=\"_blank\">www.anpedco2016.com.br<\/a><\/div>\n<div>INFORMA\u00c7\u00d5ES GERAIS para participar do XIII Encontro de Pesquisa em Educa\u00e7\u00e3o da Regi\u00e3o Centro-Oeste \u2013 Reuni\u00e3o Cient\u00edfica Regional da ANPEd.<\/div>\n<\/td>\n<\/tr>\n<\/tbody>\n<\/table>\n<\/div>\n","protected":false},"excerpt":{"rendered":"<p>&nbsp; Anped Centro-Oeste prorroga prazo para inscri\u00e7\u00e3o de trabalhos at\u00e9 8 de setembro http:\/\/www.anpedco2016.com.br\/inscricao\/ Inscri\u00e7\u00e3o \u2013 Anped Centro-Oeste 2016 www.anpedco2016.com.br INFORMA\u00c7\u00d5ES GERAIS para participar do XIII Encontro de Pesquisa em Educa\u00e7\u00e3o da Regi\u00e3o Centro-Oeste \u2013 Reuni\u00e3o Cient\u00edfica Regional da ANPEd.<\/p>\n","protected":false},"author":2660,"featured_media":1695,"comment_status":"closed","ping_status":"open","sticky":false,"template":"","format":"standard","meta":{"footnotes":""},"categories":[17,10,39,1],"tags":[],"coauthors":[],"class_list":["post-2152","post","type-post","status-publish","format-standard","has-post-thumbnail","hentry","category-destaques","category-eventos","category-eventos-externos","category-noticias"],"_links":{"self":[{"href":"https:\/\/ppgecpan.ufms.br\/en\/wp-json\/wp\/v2\/posts\/2152","targetHints":{"allow":["GET"]}}],"collection":[{"href":"https:\/\/ppgecpan.ufms.br\/en\/wp-json\/wp\/v2\/posts"}],"about":[{"href":"https:\/\/ppgecpan.ufms.br\/en\/wp-json\/wp\/v2\/types\/post"}],"author":[{"embeddable":true,"href":"https:\/\/ppgecpan.ufms.br\/en\/wp-json\/wp\/v2\/users\/2660"}],"replies":[{"embeddable":true,"href":"https:\/\/ppgecpan.ufms.br\/en\/wp-json\/wp\/v2\/comments?post=2152"}],"version-history":[{"count":2,"href":"https:\/\/ppgecpan.ufms.br\/en\/wp-json\/wp\/v2\/posts\/2152\/revisions"}],"predecessor-version":[{"id":2155,"href":"https:\/\/ppgecpan.ufms.br\/en\/wp-json\/wp\/v2\/posts\/2152\/revisions\/2155"}],"wp:featuredmedia":[{"embeddable":true,"href":"https:\/\/ppgecpan.ufms.br\/en\/wp-json\/wp\/v2\/media\/1695"}],"wp:attachment":[{"href":"https:\/\/ppgecpan.ufms.br\/en\/wp-json\/wp\/v2\/media?parent=2152"}],"wp:term":[{"taxonomy":"category","embeddable":true,"href":"https:\/\/ppgecpan.ufms.br\/en\/wp-json\/wp\/v2\/categories?post=2152"},{"taxonomy":"post_tag","embeddable":true,"href":"https:\/\/ppgecpan.ufms.br\/en\/wp-json\/wp\/v2\/tags?post=2152"},{"taxonomy":"author","embeddable":true,"href":"https:\/\/ppgecpan.ufms.br\/en\/wp-json\/wp\/v2\/coauthors?post=2152"}],"curies":[{"name":"wp","href":"https:\/\/api.w.org\/{rel}","templated":true}]}}