{"id":216,"date":"2012-03-16T17:01:50","date_gmt":"2012-03-16T21:01:50","guid":{"rendered":"http:\/\/ppgecpan.draconis.ufms.br\/?p=216"},"modified":"2020-07-06T10:21:18","modified_gmt":"2020-07-06T14:21:18","slug":"divulgado-edital-de-selecao-para-ingresso-no-mestrado-em-educacao-em-2013-para-alunos-regulares","status":"publish","type":"post","link":"https:\/\/ppgecpan.ufms.br\/en\/divulgado-edital-de-selecao-para-ingresso-no-mestrado-em-educacao-em-2013-para-alunos-regulares\/","title":{"rendered":"Divulgado Edital de sele\u00e7\u00e3o para ingresso no Mestrado em Educa\u00e7\u00e3o em 2013 para alunos regulares"},"content":{"rendered":"<p class=\"qtranxs-available-languages-message qtranxs-available-languages-message-en\">Sorry, this entry is only available in <a href=\"https:\/\/ppgecpan.ufms.br\/pb\/wp-json\/wp\/v2\/posts\/216\" class=\"qtranxs-available-language-link qtranxs-available-language-link-pb\" title=\"Portugu\u00eas do Brasil\">Portugu\u00eas do Brasil<\/a> and <a href=\"https:\/\/ppgecpan.ufms.br\/es\/wp-json\/wp\/v2\/posts\/216\" class=\"qtranxs-available-language-link qtranxs-available-language-link-es\" title=\"Espa\u00f1ol\">Espa\u00f1ol<\/a>.<\/p>","protected":false},"excerpt":{"rendered":"<p>Sorry, this entry is only available in Portugu\u00eas do Brasil and Espa\u00f1ol.<\/p>\n","protected":false},"author":7,"featured_media":0,"comment_status":"closed","ping_status":"open","sticky":false,"template":"","format":"standard","meta":{"footnotes":""},"categories":[9,1],"tags":[],"coauthors":[],"class_list":["post-216","post","type-post","status-publish","format-standard","hentry","category-editais","category-noticias"],"_links":{"self":[{"href":"https:\/\/ppgecpan.ufms.br\/en\/wp-json\/wp\/v2\/posts\/216","targetHints":{"allow":["GET"]}}],"collection":[{"href":"https:\/\/ppgecpan.ufms.br\/en\/wp-json\/wp\/v2\/posts"}],"about":[{"href":"https:\/\/ppgecpan.ufms.br\/en\/wp-json\/wp\/v2\/types\/post"}],"author":[{"embeddable":true,"href":"https:\/\/ppgecpan.ufms.br\/en\/wp-json\/wp\/v2\/users\/7"}],"replies":[{"embeddable":true,"href":"https:\/\/ppgecpan.ufms.br\/en\/wp-json\/wp\/v2\/comments?post=216"}],"version-history":[{"count":5,"href":"https:\/\/ppgecpan.ufms.br\/en\/wp-json\/wp\/v2\/posts\/216\/revisions"}],"predecessor-version":[{"id":4536,"href":"https:\/\/ppgecpan.ufms.br\/en\/wp-json\/wp\/v2\/posts\/216\/revisions\/4536"}],"wp:attachment":[{"href":"https:\/\/ppgecpan.ufms.br\/en\/wp-json\/wp\/v2\/media?parent=216"}],"wp:term":[{"taxonomy":"category","embeddable":true,"href":"https:\/\/ppgecpan.ufms.br\/en\/wp-json\/wp\/v2\/categories?post=216"},{"taxonomy":"post_tag","embeddable":true,"href":"https:\/\/ppgecpan.ufms.br\/en\/wp-json\/wp\/v2\/tags?post=216"},{"taxonomy":"author","embeddable":true,"href":"https:\/\/ppgecpan.ufms.br\/en\/wp-json\/wp\/v2\/coauthors?post=216"}],"curies":[{"name":"wp","href":"https:\/\/api.w.org\/{rel}","templated":true}]}}