{"id":2161,"date":"2016-08-25T12:49:27","date_gmt":"2016-08-25T16:49:27","guid":{"rendered":"http:\/\/ppgecpan.draconis.ufms.br\/?p=2161"},"modified":"2016-08-25T12:50:38","modified_gmt":"2016-08-25T16:50:38","slug":"congresso-de-pesquisa-em-educacao-conpeduc","status":"publish","type":"post","link":"https:\/\/ppgecpan.ufms.br\/en\/congresso-de-pesquisa-em-educacao-conpeduc\/","title":{"rendered":"Divulga\u00e7\u00e3o: Congresso de Pesquisa em Educa\u00e7\u00e3o (CONPeduc)"},"content":{"rendered":"<p>O Programa de P\u00f3s-gradua\u00e7\u00e3o em Educa\u00e7\u00e3o da UFMT\/Rondon\u00f3polis, no per\u00edodo de 13 a 16 de setembro de 2016, est\u00e1 promovendo o Congresso de Pesquisa em Educa\u00e7\u00e3o (CONPeduc). O tema central deste ano \u00e9 &#8220;Educa\u00e7\u00e3o e Diversidade&#8221;.<\/p>\n<p>O link para inscri\u00e7\u00f5es e submiss\u00e3o de trabalhos \u00e9: <strong><a href=\"http:\/\/www.ufmt.br\/conpeduc\" target=\"_blank\">www.ufmt.br\/conpeduc<\/a>.<\/strong><\/p>\n","protected":false},"excerpt":{"rendered":"<p>O Programa de P\u00f3s-gradua\u00e7\u00e3o em Educa\u00e7\u00e3o da UFMT\/Rondon\u00f3polis, no per\u00edodo de 13 a 16 de setembro de 2016, est\u00e1 promovendo o Congresso de Pesquisa em Educa\u00e7\u00e3o (CONPeduc). O tema central deste ano \u00e9 &#8220;Educa\u00e7\u00e3o e Diversidade&#8221;. O link para inscri\u00e7\u00f5es e submiss\u00e3o de trabalhos \u00e9: www.ufmt.br\/conpeduc.<\/p>\n","protected":false},"author":2660,"featured_media":2162,"comment_status":"closed","ping_status":"open","sticky":false,"template":"","format":"standard","meta":{"footnotes":""},"categories":[17,10,39,1],"tags":[],"coauthors":[],"class_list":["post-2161","post","type-post","status-publish","format-standard","has-post-thumbnail","hentry","category-destaques","category-eventos","category-eventos-externos","category-noticias"],"_links":{"self":[{"href":"https:\/\/ppgecpan.ufms.br\/en\/wp-json\/wp\/v2\/posts\/2161","targetHints":{"allow":["GET"]}}],"collection":[{"href":"https:\/\/ppgecpan.ufms.br\/en\/wp-json\/wp\/v2\/posts"}],"about":[{"href":"https:\/\/ppgecpan.ufms.br\/en\/wp-json\/wp\/v2\/types\/post"}],"author":[{"embeddable":true,"href":"https:\/\/ppgecpan.ufms.br\/en\/wp-json\/wp\/v2\/users\/2660"}],"replies":[{"embeddable":true,"href":"https:\/\/ppgecpan.ufms.br\/en\/wp-json\/wp\/v2\/comments?post=2161"}],"version-history":[{"count":2,"href":"https:\/\/ppgecpan.ufms.br\/en\/wp-json\/wp\/v2\/posts\/2161\/revisions"}],"predecessor-version":[{"id":2164,"href":"https:\/\/ppgecpan.ufms.br\/en\/wp-json\/wp\/v2\/posts\/2161\/revisions\/2164"}],"wp:featuredmedia":[{"embeddable":true,"href":"https:\/\/ppgecpan.ufms.br\/en\/wp-json\/wp\/v2\/media\/2162"}],"wp:attachment":[{"href":"https:\/\/ppgecpan.ufms.br\/en\/wp-json\/wp\/v2\/media?parent=2161"}],"wp:term":[{"taxonomy":"category","embeddable":true,"href":"https:\/\/ppgecpan.ufms.br\/en\/wp-json\/wp\/v2\/categories?post=2161"},{"taxonomy":"post_tag","embeddable":true,"href":"https:\/\/ppgecpan.ufms.br\/en\/wp-json\/wp\/v2\/tags?post=2161"},{"taxonomy":"author","embeddable":true,"href":"https:\/\/ppgecpan.ufms.br\/en\/wp-json\/wp\/v2\/coauthors?post=2161"}],"curies":[{"name":"wp","href":"https:\/\/api.w.org\/{rel}","templated":true}]}}