{"id":2165,"date":"2016-08-27T08:45:52","date_gmt":"2016-08-27T12:45:52","guid":{"rendered":"http:\/\/ppgecpan.draconis.ufms.br\/?p=2165"},"modified":"2016-08-27T08:49:46","modified_gmt":"2016-08-27T12:49:46","slug":"revista-educacao-e-politicas-em-debate","status":"publish","type":"post","link":"https:\/\/ppgecpan.ufms.br\/en\/revista-educacao-e-politicas-em-debate\/","title":{"rendered":"Revista Educa\u00e7\u00e3o e Pol\u00edticas em Debate"},"content":{"rendered":"<div>A Linha de Pesquisa do Programa de P\u00f3s-Gradua\u00e7\u00e3o em Educa\u00e7\u00e3o da Universidade Federal de Uberl\u00e2ndia, possui uma revista eletr\u00f4nica: Educa\u00e7\u00e3o, Pol\u00edtica em Debate. Desejam publicar no final do segundo semestre juntamente com o volume do semestre um dossi\u00ea com tem\u00e1ticas da Educa\u00e7\u00e3o Especial e Inclus\u00e3o.\u00a0Data limite:\u00a028 de outubro de 2016.\u00a0Link da revista, <a href=\"http:\/\/www.seer.ufu.br\/index.php\/revistaeducaopoliticas\/issue\/view\/1254\" target=\"_blank\">aqui<\/a>.<\/div>\n","protected":false},"excerpt":{"rendered":"<p>A Linha de Pesquisa do Programa de P\u00f3s-Gradua\u00e7\u00e3o em Educa\u00e7\u00e3o da Universidade Federal de Uberl\u00e2ndia, possui uma revista eletr\u00f4nica: Educa\u00e7\u00e3o, Pol\u00edtica em Debate. Desejam publicar no final do segundo semestre juntamente com o volume do semestre um dossi\u00ea com tem\u00e1ticas da Educa\u00e7\u00e3o Especial e Inclus\u00e3o.\u00a0Data limite:\u00a028 de outubro de 2016.\u00a0Link da revista, aqui.<\/p>\n","protected":false},"author":2660,"featured_media":2166,"comment_status":"closed","ping_status":"open","sticky":false,"template":"","format":"standard","meta":{"footnotes":""},"categories":[37],"tags":[],"coauthors":[],"class_list":["post-2165","post","type-post","status-publish","format-standard","has-post-thumbnail","hentry","category-calls-for-publication"],"_links":{"self":[{"href":"https:\/\/ppgecpan.ufms.br\/en\/wp-json\/wp\/v2\/posts\/2165","targetHints":{"allow":["GET"]}}],"collection":[{"href":"https:\/\/ppgecpan.ufms.br\/en\/wp-json\/wp\/v2\/posts"}],"about":[{"href":"https:\/\/ppgecpan.ufms.br\/en\/wp-json\/wp\/v2\/types\/post"}],"author":[{"embeddable":true,"href":"https:\/\/ppgecpan.ufms.br\/en\/wp-json\/wp\/v2\/users\/2660"}],"replies":[{"embeddable":true,"href":"https:\/\/ppgecpan.ufms.br\/en\/wp-json\/wp\/v2\/comments?post=2165"}],"version-history":[{"count":5,"href":"https:\/\/ppgecpan.ufms.br\/en\/wp-json\/wp\/v2\/posts\/2165\/revisions"}],"predecessor-version":[{"id":2171,"href":"https:\/\/ppgecpan.ufms.br\/en\/wp-json\/wp\/v2\/posts\/2165\/revisions\/2171"}],"wp:featuredmedia":[{"embeddable":true,"href":"https:\/\/ppgecpan.ufms.br\/en\/wp-json\/wp\/v2\/media\/2166"}],"wp:attachment":[{"href":"https:\/\/ppgecpan.ufms.br\/en\/wp-json\/wp\/v2\/media?parent=2165"}],"wp:term":[{"taxonomy":"category","embeddable":true,"href":"https:\/\/ppgecpan.ufms.br\/en\/wp-json\/wp\/v2\/categories?post=2165"},{"taxonomy":"post_tag","embeddable":true,"href":"https:\/\/ppgecpan.ufms.br\/en\/wp-json\/wp\/v2\/tags?post=2165"},{"taxonomy":"author","embeddable":true,"href":"https:\/\/ppgecpan.ufms.br\/en\/wp-json\/wp\/v2\/coauthors?post=2165"}],"curies":[{"name":"wp","href":"https:\/\/api.w.org\/{rel}","templated":true}]}}