{"id":224,"date":"2012-03-20T08:43:49","date_gmt":"2012-03-20T12:43:49","guid":{"rendered":"http:\/\/ppgecpan.draconis.ufms.br\/?p=224"},"modified":"2012-03-30T07:23:14","modified_gmt":"2012-03-30T11:23:14","slug":"convite-para-defesa-de-dissertacao","status":"publish","type":"post","link":"https:\/\/ppgecpan.ufms.br\/en\/convite-para-defesa-de-dissertacao\/","title":{"rendered":"Convite para defesa de disserta\u00e7\u00e3o"},"content":{"rendered":"<p>O Colegiado o PPGE\/CPAN tem o prazer de convidar a todos para:<\/p>\n<p>Defesa de disserta\u00e7\u00e3o de\u00a0<strong>Andressa Santos Rebelo<\/strong> a ser realizada 27\/03\/12 \u00e0s 16:30 horas, no audit\u00f3rio do bloco H sala 108\u00a0 (do Campus do Pantanal). T\u00edtulo do Trabalho: \u201cOS IMPACTOS DA POL\u00cdTICA DE ATENDIMENTO EDUCACIONAL ESPECIALIZADO: AN\u00c1LISE DOS INDICADORES EDUCACIONAIS DE MATR\u00cdCULAS DE ALUNOS COM DEFICI\u00caNCIA\u201d.<\/p>\n<p>Comp\u00f5em a banca os Professores Doutores,\u00a0 M\u00f4nica de Carvalho Magalh\u00e3es Kassar _ UFMS (Presidente)Jos\u00e9 Geraldo Silveira Bueno \u2013PUC-SP(Membro Titular) Silvia M\u00e1rcia Ferreira Meletti \u2013 UEL (Membro Titular) Edelir Salom\u00e3o Garcia \u2013 UFMS (Membro Suplente) Paulo de Martino Jannuzzi \u2013 IBGE (Membro Suplente)<\/p>\n","protected":false},"excerpt":{"rendered":"<p>O Colegiado o PPGE\/CPAN tem o prazer de convidar a todos para: Defesa de disserta\u00e7\u00e3o de\u00a0Andressa Santos Rebelo a ser realizada 27\/03\/12 \u00e0s 16:30 horas, no audit\u00f3rio do bloco H sala 108\u00a0 (do Campus do Pantanal). T\u00edtulo do Trabalho: \u201cOS IMPACTOS DA POL\u00cdTICA DE ATENDIMENTO EDUCACIONAL ESPECIALIZADO: AN\u00c1LISE DOS INDICADORES EDUCACIONAIS DE MATR\u00cdCULAS DE ALUNOS [&hellip;]<\/p>\n","protected":false},"author":7,"featured_media":0,"comment_status":"closed","ping_status":"closed","sticky":false,"template":"","format":"standard","meta":{"footnotes":""},"categories":[1],"tags":[],"coauthors":[],"class_list":["post-224","post","type-post","status-publish","format-standard","hentry","category-noticias"],"_links":{"self":[{"href":"https:\/\/ppgecpan.ufms.br\/en\/wp-json\/wp\/v2\/posts\/224","targetHints":{"allow":["GET"]}}],"collection":[{"href":"https:\/\/ppgecpan.ufms.br\/en\/wp-json\/wp\/v2\/posts"}],"about":[{"href":"https:\/\/ppgecpan.ufms.br\/en\/wp-json\/wp\/v2\/types\/post"}],"author":[{"embeddable":true,"href":"https:\/\/ppgecpan.ufms.br\/en\/wp-json\/wp\/v2\/users\/7"}],"replies":[{"embeddable":true,"href":"https:\/\/ppgecpan.ufms.br\/en\/wp-json\/wp\/v2\/comments?post=224"}],"version-history":[{"count":3,"href":"https:\/\/ppgecpan.ufms.br\/en\/wp-json\/wp\/v2\/posts\/224\/revisions"}],"predecessor-version":[{"id":232,"href":"https:\/\/ppgecpan.ufms.br\/en\/wp-json\/wp\/v2\/posts\/224\/revisions\/232"}],"wp:attachment":[{"href":"https:\/\/ppgecpan.ufms.br\/en\/wp-json\/wp\/v2\/media?parent=224"}],"wp:term":[{"taxonomy":"category","embeddable":true,"href":"https:\/\/ppgecpan.ufms.br\/en\/wp-json\/wp\/v2\/categories?post=224"},{"taxonomy":"post_tag","embeddable":true,"href":"https:\/\/ppgecpan.ufms.br\/en\/wp-json\/wp\/v2\/tags?post=224"},{"taxonomy":"author","embeddable":true,"href":"https:\/\/ppgecpan.ufms.br\/en\/wp-json\/wp\/v2\/coauthors?post=224"}],"curies":[{"name":"wp","href":"https:\/\/api.w.org\/{rel}","templated":true}]}}