{"id":2282,"date":"2016-09-30T17:09:01","date_gmt":"2016-09-30T21:09:01","guid":{"rendered":"http:\/\/ppgecpan.draconis.ufms.br\/?p=2282"},"modified":"2017-09-28T15:26:40","modified_gmt":"2017-09-28T19:26:40","slug":"convite-ppge-simposio-internacional-nexos-teoria-critica-e-pesquisa-interdisciplinar-centro-oeste-genero-e-sexualidades-cultura-e-educacao","status":"publish","type":"post","link":"https:\/\/ppgecpan.ufms.br\/en\/convite-ppge-simposio-internacional-nexos-teoria-critica-e-pesquisa-interdisciplinar-centro-oeste-genero-e-sexualidades-cultura-e-educacao\/","title":{"rendered":"Convite PPGE\/CPAN"},"content":{"rendered":"<p>O PPGE\/CPAN convida para o <strong>Simp\u00f3sio Internacional NEXOS Teoria Cr\u00edtica e Pesquisa Interdisciplinar Centro Oeste: G\u00eanero e Sexualidades, Cultura e Educa\u00e7\u00e3o<\/strong> que\u00a0ocorrer\u00e1 nos dias<strong> 28, 29 e 30\/10<\/strong>. Confira a programa\u00e7\u00e3o e informa\u00e7\u00f5es na <a href=\"http:\/\/ppgecpan.draconis.ufms.br\/simposio-internacional-nexos-teoria-critica-e-pesquisa-interdisciplinar-centro-oeste-genero-e-sexualidades-cultura-e-educacao\/\" target=\"_blank\" rel=\"noopener noreferrer\"><strong>p\u00e1gina do evento<\/strong><\/a>.<\/p>\n<div>Apoio FUNDECT\/PAPOS\/CAPES<\/div>\n<p>&nbsp;<\/p>\n","protected":false},"excerpt":{"rendered":"<p>O PPGE\/CPAN convida para o Simp\u00f3sio Internacional NEXOS Teoria Cr\u00edtica e Pesquisa Interdisciplinar Centro Oeste: G\u00eanero e Sexualidades, Cultura e Educa\u00e7\u00e3o que\u00a0ocorrer\u00e1 nos dias 28, 29 e 30\/10. Confira a programa\u00e7\u00e3o e informa\u00e7\u00f5es na p\u00e1gina do evento. Apoio FUNDECT\/PAPOS\/CAPES &nbsp;<\/p>\n","protected":false},"author":2660,"featured_media":2287,"comment_status":"closed","ping_status":"open","sticky":false,"template":"","format":"standard","meta":{"footnotes":""},"categories":[17,10,38,1],"tags":[],"coauthors":[],"class_list":["post-2282","post","type-post","status-publish","format-standard","has-post-thumbnail","hentry","category-destaques","category-eventos","category-eventos-internos","category-noticias"],"_links":{"self":[{"href":"https:\/\/ppgecpan.ufms.br\/en\/wp-json\/wp\/v2\/posts\/2282","targetHints":{"allow":["GET"]}}],"collection":[{"href":"https:\/\/ppgecpan.ufms.br\/en\/wp-json\/wp\/v2\/posts"}],"about":[{"href":"https:\/\/ppgecpan.ufms.br\/en\/wp-json\/wp\/v2\/types\/post"}],"author":[{"embeddable":true,"href":"https:\/\/ppgecpan.ufms.br\/en\/wp-json\/wp\/v2\/users\/2660"}],"replies":[{"embeddable":true,"href":"https:\/\/ppgecpan.ufms.br\/en\/wp-json\/wp\/v2\/comments?post=2282"}],"version-history":[{"count":11,"href":"https:\/\/ppgecpan.ufms.br\/en\/wp-json\/wp\/v2\/posts\/2282\/revisions"}],"predecessor-version":[{"id":2923,"href":"https:\/\/ppgecpan.ufms.br\/en\/wp-json\/wp\/v2\/posts\/2282\/revisions\/2923"}],"wp:featuredmedia":[{"embeddable":true,"href":"https:\/\/ppgecpan.ufms.br\/en\/wp-json\/wp\/v2\/media\/2287"}],"wp:attachment":[{"href":"https:\/\/ppgecpan.ufms.br\/en\/wp-json\/wp\/v2\/media?parent=2282"}],"wp:term":[{"taxonomy":"category","embeddable":true,"href":"https:\/\/ppgecpan.ufms.br\/en\/wp-json\/wp\/v2\/categories?post=2282"},{"taxonomy":"post_tag","embeddable":true,"href":"https:\/\/ppgecpan.ufms.br\/en\/wp-json\/wp\/v2\/tags?post=2282"},{"taxonomy":"author","embeddable":true,"href":"https:\/\/ppgecpan.ufms.br\/en\/wp-json\/wp\/v2\/coauthors?post=2282"}],"curies":[{"name":"wp","href":"https:\/\/api.w.org\/{rel}","templated":true}]}}