{"id":2322,"date":"2016-10-13T13:39:41","date_gmt":"2016-10-13T17:39:41","guid":{"rendered":"http:\/\/ppgecpan.draconis.ufms.br\/?p=2322"},"modified":"2016-10-13T13:40:46","modified_gmt":"2016-10-13T17:40:46","slug":"2322-2","status":"publish","type":"post","link":"https:\/\/ppgecpan.ufms.br\/en\/2322-2\/","title":{"rendered":"Resultado: Sele\u00e7\u00e3o de alunos especiais 2016.2"},"content":{"rendered":"<p><strong>Sele\u00e7\u00e3o de Alunos Especiais 2016.2<\/strong><\/p>\n<p><strong>Lista de candidatos com inscri\u00e7\u00e3o deferida<\/strong><\/p>\n<p>&nbsp;<\/p>\n<p><strong>ATEN\u00c7\u00c3O: A DATA DA MATR\u00cdCULA SER\u00c1 S\u00d3 NO DIA 14 DE OUTUBRO DE 2016, DAS 07H30 \u00c0S 11H E DAS 13H30 \u00c0S 17H.<\/strong><\/p>\n<p><strong>\u00a0<\/strong><\/p>\n<p><strong>DOCUMENTOS PARA MATR\u00cdCULA:<\/strong><\/p>\n<p>\u2013 Os candidatos que tiveram sua\u00a0<strong> inscri\u00e7\u00e3o deferida<\/strong>\u00a0dever\u00e3o comparecer na secretaria do PPGE (Rua Domingos Sahib, 99, Bairro Cervejaria, em frente ao Centro de Conven\u00e7\u00f5es), no dia 14 de outubro para efetuar matr\u00edcula com o Requerimento de Matr\u00edcula, em anexo, preenchido e assinado e original e c\u00f3pia ou c\u00f3pia autenticada de: CERTID\u00c3O DE NASCIMENTO OU CASAMENTO, RG, CPF, T\u00cdTULO DE ELEITOR, CERTIFICADO DE CONCLUS\u00c3O DE GRADUA\u00c7\u00c3O OU DIPLOMA E CERTIFICADO DE RESERVISTA.<\/p>\n<p><strong>\u00a0<\/strong><\/p>\n<p><strong>Candidatos com inscri\u00e7\u00e3o deferida<\/strong><\/p>\n<p>Antonio Avila da Silva Junior<\/p>\n<p>Danielle dos Santos Belzu Choque<\/p>\n<p>Evandro Carlos do Nascimento<\/p>\n<p>Jeanne Benevides da Silva<\/p>\n<p>Jessica Silva de Arruda<\/p>\n<p>Helen Andressa da Silva Chaparro Veadrigo<\/p>\n<p>Hevelen Andreza da Silva Chaparro<\/p>\n<p>Marcia Pires dos Santos<\/p>\n<p>Pamela Arruda Vasconcellos<\/p>\n<p>Renata Esnarriaga<\/p>\n<p>Rosely Lopes Soares da Rosa Mansilla<\/p>\n<p>&nbsp;<\/p>\n<p><strong>Candidatos com inscri\u00e7\u00e3o indeferida \u2013 j\u00e1 possuem matr\u00edcula como aluno especial em 2016.2<\/strong><\/p>\n<p>Edinara Anderson Affeldt<\/p>\n<p>Paula Katrina Silva e Silva<\/p>\n<p>&nbsp;<\/p>\n<p><strong>Obs.:<\/strong> Os candidatos com inscri\u00e7\u00e3o indeferida podem assistir \u00e0s aulas como alunos ouvintes.<\/p>\n<p>\u201cArt.41. (&#8230;)<\/p>\n<ol>\n<li>c) aluno ouvinte \u00e9 aquele autorizado diretamente pelo docente respons\u00e1vel pela disciplina a presenciar sua aula sem, no entanto, possuir registro de notas e faltas e qualquer tipo de direito ou dever formal com a UFMS, mas estritamente com o docente;<\/li>\n<\/ol>\n<p>(&#8230;)\u201d<\/p>\n<p>&nbsp;<\/p>\n<p>&nbsp;<\/p>\n<p>Em caso de d\u00favidas, entrar em contato com a Secretaria.<\/p>\n<p>Telf.: (67) 3234-6214 ou (67) 3234-6212.<\/p>\n<p>Email:\u00a0<a href=\"mailto:ppge.cpan@ufms.br\">ppge.cpan@ufms.br<\/a><\/p>\n<p>&nbsp;<\/p>\n<p><strong>REQUERIMENTO DE MATR\u00cdCULA &#8211; <a href=\"http:\/\/ppgecpan.draconis.ufms.br\/files\/2016\/10\/Requerimento-de-matr\u00edcula-alun.-especial-2016.2.doc\" target=\"_blank\">AQUI<\/a><\/strong><\/p>\n","protected":false},"excerpt":{"rendered":"<p>Sele\u00e7\u00e3o de Alunos Especiais 2016.2 Lista de candidatos com inscri\u00e7\u00e3o deferida &nbsp; ATEN\u00c7\u00c3O: A DATA DA MATR\u00cdCULA SER\u00c1 S\u00d3 NO DIA 14 DE OUTUBRO DE 2016, DAS 07H30 \u00c0S 11H E DAS 13H30 \u00c0S 17H. \u00a0 DOCUMENTOS PARA MATR\u00cdCULA: \u2013 Os candidatos que tiveram sua\u00a0 inscri\u00e7\u00e3o deferida\u00a0dever\u00e3o comparecer na secretaria do PPGE (Rua Domingos Sahib, [&hellip;]<\/p>\n","protected":false},"author":2660,"featured_media":2113,"comment_status":"closed","ping_status":"open","sticky":false,"template":"","format":"standard","meta":{"footnotes":""},"categories":[17,1],"tags":[],"coauthors":[],"class_list":["post-2322","post","type-post","status-publish","format-standard","has-post-thumbnail","hentry","category-destaques","category-noticias"],"_links":{"self":[{"href":"https:\/\/ppgecpan.ufms.br\/en\/wp-json\/wp\/v2\/posts\/2322","targetHints":{"allow":["GET"]}}],"collection":[{"href":"https:\/\/ppgecpan.ufms.br\/en\/wp-json\/wp\/v2\/posts"}],"about":[{"href":"https:\/\/ppgecpan.ufms.br\/en\/wp-json\/wp\/v2\/types\/post"}],"author":[{"embeddable":true,"href":"https:\/\/ppgecpan.ufms.br\/en\/wp-json\/wp\/v2\/users\/2660"}],"replies":[{"embeddable":true,"href":"https:\/\/ppgecpan.ufms.br\/en\/wp-json\/wp\/v2\/comments?post=2322"}],"version-history":[{"count":2,"href":"https:\/\/ppgecpan.ufms.br\/en\/wp-json\/wp\/v2\/posts\/2322\/revisions"}],"predecessor-version":[{"id":2325,"href":"https:\/\/ppgecpan.ufms.br\/en\/wp-json\/wp\/v2\/posts\/2322\/revisions\/2325"}],"wp:featuredmedia":[{"embeddable":true,"href":"https:\/\/ppgecpan.ufms.br\/en\/wp-json\/wp\/v2\/media\/2113"}],"wp:attachment":[{"href":"https:\/\/ppgecpan.ufms.br\/en\/wp-json\/wp\/v2\/media?parent=2322"}],"wp:term":[{"taxonomy":"category","embeddable":true,"href":"https:\/\/ppgecpan.ufms.br\/en\/wp-json\/wp\/v2\/categories?post=2322"},{"taxonomy":"post_tag","embeddable":true,"href":"https:\/\/ppgecpan.ufms.br\/en\/wp-json\/wp\/v2\/tags?post=2322"},{"taxonomy":"author","embeddable":true,"href":"https:\/\/ppgecpan.ufms.br\/en\/wp-json\/wp\/v2\/coauthors?post=2322"}],"curies":[{"name":"wp","href":"https:\/\/api.w.org\/{rel}","templated":true}]}}